{"id":163,"date":"2019-10-09T16:08:12","date_gmt":"2019-10-09T14:08:12","guid":{"rendered":"https:\/\/www.caferacerworld.com\/?p=163"},"modified":"2025-09-02T10:31:27","modified_gmt":"2025-09-02T08:31:27","slug":"bmw-r100-black-the-scrambler-beast","status":"publish","type":"post","link":"https:\/\/www.caferacerworld.com\/es\/bmw-r100-black-the-scrambler-beast\/","title":{"rendered":"BMW R100 Black, la Scrambler bestia"},"content":{"rendered":"\n<figure class=\"wp-block-image\"><img loading=\"lazy\" decoding=\"async\" width=\"1024\" height=\"768\" src=\"https:\/\/www.caferacerworld.com\/wp-content\/uploads\/2019\/10\/15-bmw-r100-scrambler-1024x768.jpg\" alt=\"BMW R100 Scrambler\" class=\"wp-image-170\" srcset=\"https:\/\/www.caferacerworld.com\/wp-content\/uploads\/2019\/10\/15-bmw-r100-scrambler.jpg 1024w, https:\/\/www.caferacerworld.com\/wp-content\/uploads\/2019\/10\/15-bmw-r100-scrambler-300x225.jpg 300w, https:\/\/www.caferacerworld.com\/wp-content\/uploads\/2019\/10\/15-bmw-r100-scrambler-768x576.jpg 768w\" sizes=\"auto, (max-width: 1024px) 100vw, 1024px\" \/><\/figure>\n\n\n\n<p><\/p>\n\n\n\n<p><a href=\"https:\/\/www.franmanen.com\" target=\"_blank\" rel=\"noreferrer noopener\">Fran Manen<\/a> nos cont\u00f3 que siempre hab\u00eda alguien que les preguntaba por qu\u00e9 en <a href=\"https:\/\/www.lorddrakekustoms.com\" target=\"_blank\" rel=\"noreferrer noopener\">Lord Drake Kustoms<\/a> solo hac\u00edan modelos <em>Sportster, Scrambler<\/em>\u2026 Pues bien, la respuesta es esta: <strong>\u201cSi hay que hacer Sportster, se hace Sportster, pero si hay que hacer una BMW\u2026 \u00bfqu\u00e9 mejor forma de empezar que con una como esta?\u201d<\/strong><\/p>\n\n\n\n<p>Este modelo de motocicleta ha sido uno de los m\u00e1s utilizados \u00faltimamente en los trabajos de personalizaci\u00f3n y transformaci\u00f3n. A pesar de los a\u00f1os, estas cl\u00e1sicas BMW R no han perdido su encanto y siguen despertando el inter\u00e9s del p\u00fablico. Adem\u00e1s, ofrecen muchas posibilidades de lucimiento si se trabaja con buen gusto.<\/p>\n\n\n\n<p><\/p>\n\n\n\n<figure class=\"wp-block-image\"><img loading=\"lazy\" decoding=\"async\" width=\"1024\" height=\"768\" src=\"https:\/\/www.caferacerworld.com\/wp-content\/uploads\/2019\/10\/13-bmw-r100-scrambler-1024x768.jpg\" alt=\"BMW R100 Scrambler\" class=\"wp-image-169\" srcset=\"https:\/\/www.caferacerworld.com\/wp-content\/uploads\/2019\/10\/13-bmw-r100-scrambler.jpg 1024w, https:\/\/www.caferacerworld.com\/wp-content\/uploads\/2019\/10\/13-bmw-r100-scrambler-300x225.jpg 300w, https:\/\/www.caferacerworld.com\/wp-content\/uploads\/2019\/10\/13-bmw-r100-scrambler-768x576.jpg 768w\" sizes=\"auto, (max-width: 1024px) 100vw, 1024px\" \/><\/figure>\n\n\n\n<p><\/p>\n\n\n\n<p>Espec\u00edficamente, nos cont\u00f3 Fran, que esta se la <strong>envi\u00f3 un cliente en cajas<\/strong>, le faltaban muchas piezas y estaba en condiciones no aptas para su uso o para chatarra.<\/p>\n\n\n\n<p>La transformaci\u00f3n se llev\u00f3 a cabo en nuestro taller de M\u00e1laga, y lo primero que tuvimos que hacer al llegar fue <strong>terminar de desmontarla<\/strong> y comenzar a decapar, arenar y pintar en polvo todas las <strong>piezas que a\u00fan se pod\u00edan aprovechar<\/strong>, como el chasis, las ruedas, el motor, etc.<\/p>\n\n\n\n<p><\/p>\n\n\n\n<figure class=\"wp-block-image\"><img loading=\"lazy\" decoding=\"async\" width=\"1024\" height=\"768\" src=\"https:\/\/www.caferacerworld.com\/wp-content\/uploads\/2019\/10\/17-bmw-r100-scrambler-1024x768.jpg\" alt=\"BMW R100 Scrambler\" class=\"wp-image-172\" srcset=\"https:\/\/www.caferacerworld.com\/wp-content\/uploads\/2019\/10\/17-bmw-r100-scrambler.jpg 1024w, https:\/\/www.caferacerworld.com\/wp-content\/uploads\/2019\/10\/17-bmw-r100-scrambler-300x225.jpg 300w, https:\/\/www.caferacerworld.com\/wp-content\/uploads\/2019\/10\/17-bmw-r100-scrambler-768x576.jpg 768w\" sizes=\"auto, (max-width: 1024px) 100vw, 1024px\" \/><\/figure>\n\n\n\n<p><\/p>\n\n\n\n<p>El cliente buscaba algo elegante, con predominancia del negro. Pero Fran no ten\u00eda ganas de hacer la cl\u00e1sica y t\u00f3pica Cafe Racer, sino algo m\u00e1s tipo scrambler o brat. Admite que no tard\u00f3 mucho en decidir hacer una scrambler muy old school, una moto que, adem\u00e1s del tama\u00f1o de scrambler, tuviera algo de aquellas viejas BMW de anta\u00f1o. Aunque quiz\u00e1 fuera una <strong>mezcla de <em>bobber<\/em> y <em>scrambler<\/em>, pero todo muy vintage<\/strong>\u2026 y aqu\u00ed est\u00e1 el resultado.<\/p>\n\n\n\n<p><\/p>\n\n\n\n<figure class=\"wp-block-image\"><img loading=\"lazy\" decoding=\"async\" width=\"1024\" height=\"768\" src=\"https:\/\/www.caferacerworld.com\/wp-content\/uploads\/2019\/10\/10-bmw-r100-scrambler-1024x768.jpg\" alt=\"BMW R100 Scrambler\" class=\"wp-image-167\" srcset=\"https:\/\/www.caferacerworld.com\/wp-content\/uploads\/2019\/10\/10-bmw-r100-scrambler.jpg 1024w, https:\/\/www.caferacerworld.com\/wp-content\/uploads\/2019\/10\/10-bmw-r100-scrambler-300x225.jpg 300w, https:\/\/www.caferacerworld.com\/wp-content\/uploads\/2019\/10\/10-bmw-r100-scrambler-768x576.jpg 768w\" sizes=\"auto, (max-width: 1024px) 100vw, 1024px\" \/><\/figure>\n\n\n\n<p><\/p>\n\n\n\n<p>Se combinaron negro brillante, negro mate y negro texturizado para darle a la moto este aspecto sobrio y elegante, al que le hemos colocado un asiento individual y unos guardabarros personalizados.<strong> Estos \u00faltimos aportan el toque oldschool y vintage que buscaban<\/strong>.<\/p>\n\n\n\n<p><\/p>\n\n\n\n<div class=\"wp-block-columns has-2-columns is-layout-flex wp-container-core-columns-is-layout-28f84493 wp-block-columns-is-layout-flex\">\n<div class=\"wp-block-column is-layout-flow wp-block-column-is-layout-flow\">\n<figure class=\"wp-block-image\"><img loading=\"lazy\" decoding=\"async\" width=\"1024\" height=\"768\" src=\"https:\/\/www.caferacerworld.com\/wp-content\/uploads\/2019\/10\/18-bmw-r100-scrambler-1024x768.jpg\" alt=\"BMW R100 Scrambler\" class=\"wp-image-173\" srcset=\"https:\/\/www.caferacerworld.com\/wp-content\/uploads\/2019\/10\/18-bmw-r100-scrambler.jpg 1024w, https:\/\/www.caferacerworld.com\/wp-content\/uploads\/2019\/10\/18-bmw-r100-scrambler-300x225.jpg 300w, https:\/\/www.caferacerworld.com\/wp-content\/uploads\/2019\/10\/18-bmw-r100-scrambler-768x576.jpg 768w\" sizes=\"auto, (max-width: 1024px) 100vw, 1024px\" \/><\/figure>\n<\/div>\n\n\n\n<div class=\"wp-block-column is-layout-flow wp-block-column-is-layout-flow\">\n<figure class=\"wp-block-image\"><img loading=\"lazy\" decoding=\"async\" width=\"1024\" height=\"768\" src=\"https:\/\/www.caferacerworld.com\/wp-content\/uploads\/2019\/10\/16-bmw-r100-scrambler-1024x768.jpg\" alt=\"BMW R100 Scrambler\" class=\"wp-image-171\" srcset=\"https:\/\/www.caferacerworld.com\/wp-content\/uploads\/2019\/10\/16-bmw-r100-scrambler.jpg 1024w, https:\/\/www.caferacerworld.com\/wp-content\/uploads\/2019\/10\/16-bmw-r100-scrambler-300x225.jpg 300w, https:\/\/www.caferacerworld.com\/wp-content\/uploads\/2019\/10\/16-bmw-r100-scrambler-768x576.jpg 768w\" sizes=\"auto, (max-width: 1024px) 100vw, 1024px\" \/><\/figure>\n<\/div>\n<\/div>\n\n\n\n<p>Todos los mandos del manillar son nuevos y van acompa\u00f1ados de un manillar tipo street, aunque se ha conservado el faro original y la horquilla (algo modificada) para respetar el <strong>esp\u00edritu de esta BMW R100<\/strong>.<\/p>\n\n\n\n<p><\/p>\n\n\n\n<p><\/p>\n\n\n\n<figure class=\"wp-block-image\"><img loading=\"lazy\" decoding=\"async\" width=\"1024\" height=\"768\" src=\"https:\/\/www.caferacerworld.com\/wp-content\/uploads\/2019\/10\/11-bmw-r100-scrambler-1024x768.jpg\" alt=\"BMW R100 Scrambler\" class=\"wp-image-168\" srcset=\"https:\/\/www.caferacerworld.com\/wp-content\/uploads\/2019\/10\/11-bmw-r100-scrambler.jpg 1024w, https:\/\/www.caferacerworld.com\/wp-content\/uploads\/2019\/10\/11-bmw-r100-scrambler-300x225.jpg 300w, https:\/\/www.caferacerworld.com\/wp-content\/uploads\/2019\/10\/11-bmw-r100-scrambler-768x576.jpg 768w\" sizes=\"auto, (max-width: 1024px) 100vw, 1024px\" \/><\/figure>\n","protected":false},"excerpt":{"rendered":"<p>Fran Manen nos cont\u00f3 que siempre hab\u00eda alguien que les preguntaba por qu\u00e9 en Lord Drake Kustoms solo<\/p>\n","protected":false},"author":1,"featured_media":174,"comment_status":"open","ping_status":"open","sticky":false,"template":"","format":"standard","meta":{"footnotes":""},"categories":[10,5,45,8],"tags":[],"class_list":["post-163","post","type-post","status-publish","format-standard","has-post-thumbnail","hentry","category-bmw","category-cafe-racer","category-motos","category-scrambler-tracker"],"yoast_head":"<!-- This site is optimized with the Yoast SEO plugin v25.4 - https:\/\/yoast.com\/wordpress\/plugins\/seo\/ -->\n<title>BMW R100 Black, la Scrambler bestia - Cafe Racer World<\/title>\n<meta name=\"description\" content=\"La BMW R100 Scrambler es una motocicleta customizada por Fran Manen de Lord Drake Kustoms en su taller. Este es el primer modelo Scrambler.\" \/>\n<meta name=\"robots\" content=\"index, follow, max-snippet:-1, max-image-preview:large, max-video-preview:-1\" \/>\n<link rel=\"canonical\" href=\"https:\/\/www.caferacerworld.com\/es\/bmw-r100-black-the-scrambler-beast\/\" \/>\n<meta property=\"og:locale\" content=\"es_ES\" \/>\n<meta property=\"og:type\" content=\"article\" \/>\n<meta property=\"og:title\" content=\"BMW R100 Black, la Scrambler bestia - Cafe Racer World\" \/>\n<meta property=\"og:description\" content=\"La BMW R100 Scrambler es una motocicleta customizada por Fran Manen de Lord Drake Kustoms en su taller. Este es el primer modelo Scrambler.\" \/>\n<meta property=\"og:url\" content=\"https:\/\/www.caferacerworld.com\/es\/bmw-r100-black-the-scrambler-beast\/\" \/>\n<meta property=\"og:site_name\" content=\"Cafe Racer World\" \/>\n<meta property=\"article:publisher\" content=\"https:\/\/www.facebook.com\/profile.php?id=61579424306050\" \/>\n<meta property=\"article:published_time\" content=\"2019-10-09T14:08:12+00:00\" \/>\n<meta property=\"article:modified_time\" content=\"2025-09-02T08:31:27+00:00\" \/>\n<meta property=\"og:image\" content=\"https:\/\/www.caferacerworld.com\/wp-content\/uploads\/2019\/10\/00-bmw-r100-scrambler.jpg\" \/>\n\t<meta property=\"og:image:width\" content=\"1024\" \/>\n\t<meta property=\"og:image:height\" content=\"768\" \/>\n\t<meta property=\"og:image:type\" content=\"image\/jpeg\" \/>\n<meta name=\"author\" content=\"caferacer\" \/>\n<meta name=\"twitter:card\" content=\"summary_large_image\" \/>\n<meta name=\"twitter:label1\" content=\"Escrito por\" \/>\n\t<meta name=\"twitter:data1\" content=\"caferacer\" \/>\n\t<meta name=\"twitter:label2\" content=\"Tiempo de lectura\" \/>\n\t<meta name=\"twitter:data2\" content=\"4 minutos\" \/>\n<script type=\"application\/ld+json\" class=\"yoast-schema-graph\">{\"@context\":\"https:\/\/schema.org\",\"@graph\":[{\"@type\":\"Article\",\"@id\":\"https:\/\/www.caferacerworld.com\/es\/bmw-r100-black-the-scrambler-beast\/#article\",\"isPartOf\":{\"@id\":\"https:\/\/www.caferacerworld.com\/es\/bmw-r100-black-the-scrambler-beast\/\"},\"author\":{\"name\":\"caferacer\",\"@id\":\"https:\/\/www.caferacerworld.com\/es\/#\/schema\/person\/f53266c5722a1bfe7280939b3daf386d\"},\"headline\":\"BMW R100 Black, la Scrambler bestia\",\"datePublished\":\"2019-10-09T14:08:12+00:00\",\"dateModified\":\"2025-09-02T08:31:27+00:00\",\"mainEntityOfPage\":{\"@id\":\"https:\/\/www.caferacerworld.com\/es\/bmw-r100-black-the-scrambler-beast\/\"},\"wordCount\":365,\"commentCount\":0,\"publisher\":{\"@id\":\"https:\/\/www.caferacerworld.com\/es\/#organization\"},\"image\":{\"@id\":\"https:\/\/www.caferacerworld.com\/es\/bmw-r100-black-the-scrambler-beast\/#primaryimage\"},\"thumbnailUrl\":\"https:\/\/www.caferacerworld.com\/wp-content\/uploads\/2019\/10\/00-bmw-r100-scrambler.jpg\",\"articleSection\":[\"BMW\",\"Cafe Racer\",\"Motos\",\"Scrambler\/Tracker\"],\"inLanguage\":\"es\",\"potentialAction\":[{\"@type\":\"CommentAction\",\"name\":\"Comment\",\"target\":[\"https:\/\/www.caferacerworld.com\/es\/bmw-r100-black-the-scrambler-beast\/#respond\"]}]},{\"@type\":\"WebPage\",\"@id\":\"https:\/\/www.caferacerworld.com\/es\/bmw-r100-black-the-scrambler-beast\/\",\"url\":\"https:\/\/www.caferacerworld.com\/es\/bmw-r100-black-the-scrambler-beast\/\",\"name\":\"BMW R100 Black, la Scrambler bestia - Cafe Racer World\",\"isPartOf\":{\"@id\":\"https:\/\/www.caferacerworld.com\/es\/#website\"},\"primaryImageOfPage\":{\"@id\":\"https:\/\/www.caferacerworld.com\/es\/bmw-r100-black-the-scrambler-beast\/#primaryimage\"},\"image\":{\"@id\":\"https:\/\/www.caferacerworld.com\/es\/bmw-r100-black-the-scrambler-beast\/#primaryimage\"},\"thumbnailUrl\":\"https:\/\/www.caferacerworld.com\/wp-content\/uploads\/2019\/10\/00-bmw-r100-scrambler.jpg\",\"datePublished\":\"2019-10-09T14:08:12+00:00\",\"dateModified\":\"2025-09-02T08:31:27+00:00\",\"description\":\"La BMW R100 Scrambler es una motocicleta customizada por Fran Manen de Lord Drake Kustoms en su taller. Este es el primer modelo Scrambler.\",\"breadcrumb\":{\"@id\":\"https:\/\/www.caferacerworld.com\/es\/bmw-r100-black-the-scrambler-beast\/#breadcrumb\"},\"inLanguage\":\"es\",\"potentialAction\":[{\"@type\":\"ReadAction\",\"target\":[\"https:\/\/www.caferacerworld.com\/es\/bmw-r100-black-the-scrambler-beast\/\"]}]},{\"@type\":\"ImageObject\",\"inLanguage\":\"es\",\"@id\":\"https:\/\/www.caferacerworld.com\/es\/bmw-r100-black-the-scrambler-beast\/#primaryimage\",\"url\":\"https:\/\/www.caferacerworld.com\/wp-content\/uploads\/2019\/10\/00-bmw-r100-scrambler.jpg\",\"contentUrl\":\"https:\/\/www.caferacerworld.com\/wp-content\/uploads\/2019\/10\/00-bmw-r100-scrambler.jpg\",\"width\":1024,\"height\":768,\"caption\":\"BMW R100 Scrambler\"},{\"@type\":\"BreadcrumbList\",\"@id\":\"https:\/\/www.caferacerworld.com\/es\/bmw-r100-black-the-scrambler-beast\/#breadcrumb\",\"itemListElement\":[{\"@type\":\"ListItem\",\"position\":1,\"name\":\"Portada\",\"item\":\"https:\/\/www.caferacerworld.com\/es\/\"},{\"@type\":\"ListItem\",\"position\":2,\"name\":\"BMW R100 Black, la Scrambler bestia\"}]},{\"@type\":\"WebSite\",\"@id\":\"https:\/\/www.caferacerworld.com\/es\/#website\",\"url\":\"https:\/\/www.caferacerworld.com\/es\/\",\"name\":\"Cafe Racer World\",\"description\":\"\",\"publisher\":{\"@id\":\"https:\/\/www.caferacerworld.com\/es\/#organization\"},\"potentialAction\":[{\"@type\":\"SearchAction\",\"target\":{\"@type\":\"EntryPoint\",\"urlTemplate\":\"https:\/\/www.caferacerworld.com\/es\/?s={search_term_string}\"},\"query-input\":{\"@type\":\"PropertyValueSpecification\",\"valueRequired\":true,\"valueName\":\"search_term_string\"}}],\"inLanguage\":\"es\"},{\"@type\":\"Organization\",\"@id\":\"https:\/\/www.caferacerworld.com\/es\/#organization\",\"name\":\"Cafe Racer World\",\"url\":\"https:\/\/www.caferacerworld.com\/es\/\",\"logo\":{\"@type\":\"ImageObject\",\"inLanguage\":\"es\",\"@id\":\"https:\/\/www.caferacerworld.com\/es\/#\/schema\/logo\/image\/\",\"url\":\"https:\/\/www.caferacerworld.com\/wp-content\/uploads\/2019\/10\/logo-crw-4-1.png\",\"contentUrl\":\"https:\/\/www.caferacerworld.com\/wp-content\/uploads\/2019\/10\/logo-crw-4-1.png\",\"width\":540,\"height\":160,\"caption\":\"Cafe Racer World\"},\"image\":{\"@id\":\"https:\/\/www.caferacerworld.com\/es\/#\/schema\/logo\/image\/\"},\"sameAs\":[\"https:\/\/www.facebook.com\/profile.php?id=61579424306050\",\"https:\/\/www.instagram.com\/caferacerworld_oficial\/\"]},{\"@type\":\"Person\",\"@id\":\"https:\/\/www.caferacerworld.com\/es\/#\/schema\/person\/f53266c5722a1bfe7280939b3daf386d\",\"name\":\"caferacer\",\"image\":{\"@type\":\"ImageObject\",\"inLanguage\":\"es\",\"@id\":\"https:\/\/www.caferacerworld.com\/es\/#\/schema\/person\/image\/\",\"url\":\"https:\/\/secure.gravatar.com\/avatar\/8d6dcab9ee12841d4b3c71b7639455bb04683d31fd41ad66ec3164209d3e2a0b?s=96&d=mm&r=g\",\"contentUrl\":\"https:\/\/secure.gravatar.com\/avatar\/8d6dcab9ee12841d4b3c71b7639455bb04683d31fd41ad66ec3164209d3e2a0b?s=96&d=mm&r=g\",\"caption\":\"caferacer\"}}]}<\/script>\n<!-- \/ Yoast SEO plugin. -->","yoast_head_json":{"title":"BMW R100 Black, la Scrambler bestia - Cafe Racer World","description":"La BMW R100 Scrambler es una motocicleta customizada por Fran Manen de Lord Drake Kustoms en su taller. Este es el primer modelo Scrambler.","robots":{"index":"index","follow":"follow","max-snippet":"max-snippet:-1","max-image-preview":"max-image-preview:large","max-video-preview":"max-video-preview:-1"},"canonical":"https:\/\/www.caferacerworld.com\/es\/bmw-r100-black-the-scrambler-beast\/","og_locale":"es_ES","og_type":"article","og_title":"BMW R100 Black, la Scrambler bestia - Cafe Racer World","og_description":"La BMW R100 Scrambler es una motocicleta customizada por Fran Manen de Lord Drake Kustoms en su taller. Este es el primer modelo Scrambler.","og_url":"https:\/\/www.caferacerworld.com\/es\/bmw-r100-black-the-scrambler-beast\/","og_site_name":"Cafe Racer World","article_publisher":"https:\/\/www.facebook.com\/profile.php?id=61579424306050","article_published_time":"2019-10-09T14:08:12+00:00","article_modified_time":"2025-09-02T08:31:27+00:00","og_image":[{"width":1024,"height":768,"url":"https:\/\/www.caferacerworld.com\/wp-content\/uploads\/2019\/10\/00-bmw-r100-scrambler.jpg","type":"image\/jpeg"}],"author":"caferacer","twitter_card":"summary_large_image","twitter_misc":{"Escrito por":"caferacer","Tiempo de lectura":"4 minutos"},"schema":{"@context":"https:\/\/schema.org","@graph":[{"@type":"Article","@id":"https:\/\/www.caferacerworld.com\/es\/bmw-r100-black-the-scrambler-beast\/#article","isPartOf":{"@id":"https:\/\/www.caferacerworld.com\/es\/bmw-r100-black-the-scrambler-beast\/"},"author":{"name":"caferacer","@id":"https:\/\/www.caferacerworld.com\/es\/#\/schema\/person\/f53266c5722a1bfe7280939b3daf386d"},"headline":"BMW R100 Black, la Scrambler bestia","datePublished":"2019-10-09T14:08:12+00:00","dateModified":"2025-09-02T08:31:27+00:00","mainEntityOfPage":{"@id":"https:\/\/www.caferacerworld.com\/es\/bmw-r100-black-the-scrambler-beast\/"},"wordCount":365,"commentCount":0,"publisher":{"@id":"https:\/\/www.caferacerworld.com\/es\/#organization"},"image":{"@id":"https:\/\/www.caferacerworld.com\/es\/bmw-r100-black-the-scrambler-beast\/#primaryimage"},"thumbnailUrl":"https:\/\/www.caferacerworld.com\/wp-content\/uploads\/2019\/10\/00-bmw-r100-scrambler.jpg","articleSection":["BMW","Cafe Racer","Motos","Scrambler\/Tracker"],"inLanguage":"es","potentialAction":[{"@type":"CommentAction","name":"Comment","target":["https:\/\/www.caferacerworld.com\/es\/bmw-r100-black-the-scrambler-beast\/#respond"]}]},{"@type":"WebPage","@id":"https:\/\/www.caferacerworld.com\/es\/bmw-r100-black-the-scrambler-beast\/","url":"https:\/\/www.caferacerworld.com\/es\/bmw-r100-black-the-scrambler-beast\/","name":"BMW R100 Black, la Scrambler bestia - Cafe Racer World","isPartOf":{"@id":"https:\/\/www.caferacerworld.com\/es\/#website"},"primaryImageOfPage":{"@id":"https:\/\/www.caferacerworld.com\/es\/bmw-r100-black-the-scrambler-beast\/#primaryimage"},"image":{"@id":"https:\/\/www.caferacerworld.com\/es\/bmw-r100-black-the-scrambler-beast\/#primaryimage"},"thumbnailUrl":"https:\/\/www.caferacerworld.com\/wp-content\/uploads\/2019\/10\/00-bmw-r100-scrambler.jpg","datePublished":"2019-10-09T14:08:12+00:00","dateModified":"2025-09-02T08:31:27+00:00","description":"La BMW R100 Scrambler es una motocicleta customizada por Fran Manen de Lord Drake Kustoms en su taller. Este es el primer modelo Scrambler.","breadcrumb":{"@id":"https:\/\/www.caferacerworld.com\/es\/bmw-r100-black-the-scrambler-beast\/#breadcrumb"},"inLanguage":"es","potentialAction":[{"@type":"ReadAction","target":["https:\/\/www.caferacerworld.com\/es\/bmw-r100-black-the-scrambler-beast\/"]}]},{"@type":"ImageObject","inLanguage":"es","@id":"https:\/\/www.caferacerworld.com\/es\/bmw-r100-black-the-scrambler-beast\/#primaryimage","url":"https:\/\/www.caferacerworld.com\/wp-content\/uploads\/2019\/10\/00-bmw-r100-scrambler.jpg","contentUrl":"https:\/\/www.caferacerworld.com\/wp-content\/uploads\/2019\/10\/00-bmw-r100-scrambler.jpg","width":1024,"height":768,"caption":"BMW R100 Scrambler"},{"@type":"BreadcrumbList","@id":"https:\/\/www.caferacerworld.com\/es\/bmw-r100-black-the-scrambler-beast\/#breadcrumb","itemListElement":[{"@type":"ListItem","position":1,"name":"Portada","item":"https:\/\/www.caferacerworld.com\/es\/"},{"@type":"ListItem","position":2,"name":"BMW R100 Black, la Scrambler bestia"}]},{"@type":"WebSite","@id":"https:\/\/www.caferacerworld.com\/es\/#website","url":"https:\/\/www.caferacerworld.com\/es\/","name":"Cafe Racer World","description":"","publisher":{"@id":"https:\/\/www.caferacerworld.com\/es\/#organization"},"potentialAction":[{"@type":"SearchAction","target":{"@type":"EntryPoint","urlTemplate":"https:\/\/www.caferacerworld.com\/es\/?s={search_term_string}"},"query-input":{"@type":"PropertyValueSpecification","valueRequired":true,"valueName":"search_term_string"}}],"inLanguage":"es"},{"@type":"Organization","@id":"https:\/\/www.caferacerworld.com\/es\/#organization","name":"Cafe Racer World","url":"https:\/\/www.caferacerworld.com\/es\/","logo":{"@type":"ImageObject","inLanguage":"es","@id":"https:\/\/www.caferacerworld.com\/es\/#\/schema\/logo\/image\/","url":"https:\/\/www.caferacerworld.com\/wp-content\/uploads\/2019\/10\/logo-crw-4-1.png","contentUrl":"https:\/\/www.caferacerworld.com\/wp-content\/uploads\/2019\/10\/logo-crw-4-1.png","width":540,"height":160,"caption":"Cafe Racer World"},"image":{"@id":"https:\/\/www.caferacerworld.com\/es\/#\/schema\/logo\/image\/"},"sameAs":["https:\/\/www.facebook.com\/profile.php?id=61579424306050","https:\/\/www.instagram.com\/caferacerworld_oficial\/"]},{"@type":"Person","@id":"https:\/\/www.caferacerworld.com\/es\/#\/schema\/person\/f53266c5722a1bfe7280939b3daf386d","name":"caferacer","image":{"@type":"ImageObject","inLanguage":"es","@id":"https:\/\/www.caferacerworld.com\/es\/#\/schema\/person\/image\/","url":"https:\/\/secure.gravatar.com\/avatar\/8d6dcab9ee12841d4b3c71b7639455bb04683d31fd41ad66ec3164209d3e2a0b?s=96&d=mm&r=g","contentUrl":"https:\/\/secure.gravatar.com\/avatar\/8d6dcab9ee12841d4b3c71b7639455bb04683d31fd41ad66ec3164209d3e2a0b?s=96&d=mm&r=g","caption":"caferacer"}}]}},"featured_image_src":"https:\/\/www.caferacerworld.com\/wp-content\/uploads\/2019\/10\/00-bmw-r100-scrambler-600x400.jpg","featured_image_src_square":"https:\/\/www.caferacerworld.com\/wp-content\/uploads\/2019\/10\/00-bmw-r100-scrambler-600x600.jpg","author_info":{"display_name":"caferacer","author_link":"https:\/\/www.caferacerworld.com\/es\/author\/caferacer\/"},"_links":{"self":[{"href":"https:\/\/www.caferacerworld.com\/es\/wp-json\/wp\/v2\/posts\/163","targetHints":{"allow":["GET"]}}],"collection":[{"href":"https:\/\/www.caferacerworld.com\/es\/wp-json\/wp\/v2\/posts"}],"about":[{"href":"https:\/\/www.caferacerworld.com\/es\/wp-json\/wp\/v2\/types\/post"}],"author":[{"embeddable":true,"href":"https:\/\/www.caferacerworld.com\/es\/wp-json\/wp\/v2\/users\/1"}],"replies":[{"embeddable":true,"href":"https:\/\/www.caferacerworld.com\/es\/wp-json\/wp\/v2\/comments?post=163"}],"version-history":[{"count":6,"href":"https:\/\/www.caferacerworld.com\/es\/wp-json\/wp\/v2\/posts\/163\/revisions"}],"predecessor-version":[{"id":3170,"href":"https:\/\/www.caferacerworld.com\/es\/wp-json\/wp\/v2\/posts\/163\/revisions\/3170"}],"wp:featuredmedia":[{"embeddable":true,"href":"https:\/\/www.caferacerworld.com\/es\/wp-json\/wp\/v2\/media\/174"}],"wp:attachment":[{"href":"https:\/\/www.caferacerworld.com\/es\/wp-json\/wp\/v2\/media?parent=163"}],"wp:term":[{"taxonomy":"category","embeddable":true,"href":"https:\/\/www.caferacerworld.com\/es\/wp-json\/wp\/v2\/categories?post=163"},{"taxonomy":"post_tag","embeddable":true,"href":"https:\/\/www.caferacerworld.com\/es\/wp-json\/wp\/v2\/tags?post=163"}],"curies":[{"name":"wp","href":"https:\/\/api.w.org\/{rel}","templated":true}]}}