{"id":246,"date":"2019-10-16T17:17:41","date_gmt":"2019-10-16T15:17:41","guid":{"rendered":"https:\/\/www.caferacerworld.com\/?p=246"},"modified":"2025-09-02T10:38:50","modified_gmt":"2025-09-02T08:38:50","slug":"red-baron-cafe-racer-takes-off-with-a-vengeance","status":"publish","type":"post","link":"https:\/\/www.caferacerworld.com\/es\/red-baron-cafe-racer-takes-off-with-a-vengeance\/","title":{"rendered":"\u00abRed Baron\u00bb Cafe Racer despega con furia"},"content":{"rendered":"\n<p><\/p>\n\n\n\n<p>Las <strong><em>cafe racers<\/em> est\u00e1n en auge<\/strong> hoy en d\u00eda. Basta con bajar al bar local para tener una probabilidad razonable de ver una CB750 o una SX650 con estilo caf\u00e9, sucia y con suficiente cinta adhesiva en el asiento como para hacer un refugio decente. Claro, las modas van y vienen, pero las motos cuidadosamente construidas\u2026 bueno, esas son mucho m\u00e1s dif\u00edciles de encontrar.<\/p>\n\n\n\n<p><\/p>\n\n\n\n<figure class=\"wp-block-image\"><a href=\"https:\/\/www.caferacerworld.com\/wp-content\/uploads\/2019\/10\/03-cafe-racer-reb-baron.jpg\"><img loading=\"lazy\" decoding=\"async\" width=\"1024\" height=\"768\" src=\"https:\/\/www.caferacerworld.com\/wp-content\/uploads\/2019\/10\/03-cafe-racer-reb-baron-1024x768.jpg\" alt=\"Red Baron Dyna Cafe Racer\" class=\"wp-image-251\" srcset=\"https:\/\/www.caferacerworld.com\/wp-content\/uploads\/2019\/10\/03-cafe-racer-reb-baron.jpg 1024w, https:\/\/www.caferacerworld.com\/wp-content\/uploads\/2019\/10\/03-cafe-racer-reb-baron-300x225.jpg 300w, https:\/\/www.caferacerworld.com\/wp-content\/uploads\/2019\/10\/03-cafe-racer-reb-baron-768x576.jpg 768w\" sizes=\"auto, (max-width: 1024px) 100vw, 1024px\" \/><\/a><\/figure>\n\n\n\n<p><\/p>\n\n\n\n<p>Lo que nos lleva a la <strong>\u00abRed Baron\u00bb<\/strong>, la cafe racer basada en una <em>Dyna Low Rider <\/em>que ves aqu\u00ed, limpia y bien ejecutada, nombrada en homenaje no solo al famoso <strong>as de la aviaci\u00f3n alemana de la Primera Guerra Mundial<\/strong>, sino tambi\u00e9n a la <strong>banda de rock espa\u00f1ola<\/strong>, seg\u00fan nos cont\u00f3 el constructor. Partiendo de uno de los mejores Big Twin cruiser de Milwaukee, <a href=\"https:\/\/www.franmanen.com\" target=\"_blank\" rel=\"noreferrer noopener\">Fran Manen<\/a> de <a href=\"https:\/\/www.lorddrakekustoms.com\" target=\"_blank\" rel=\"noreferrer noopener\">Lord Drake Kustoms<\/a> ha logrado algo verdaderamente asombroso, tanto en concepto como en ejecuci\u00f3n.<\/p>\n\n\n\n<p><\/p>\n\n\n\n<p><\/p>\n\n\n\n<figure class=\"wp-block-image\"><a href=\"https:\/\/www.caferacerworld.com\/wp-content\/uploads\/2019\/10\/01-cafe-racer-reb-baron.jpg\"><img loading=\"lazy\" decoding=\"async\" width=\"1024\" height=\"768\" src=\"https:\/\/www.caferacerworld.com\/wp-content\/uploads\/2019\/10\/01-cafe-racer-reb-baron-1024x768.jpg\" alt=\"Red Baron Dyna Cafe Racer\" class=\"wp-image-249\" srcset=\"https:\/\/www.caferacerworld.com\/wp-content\/uploads\/2019\/10\/01-cafe-racer-reb-baron.jpg 1024w, https:\/\/www.caferacerworld.com\/wp-content\/uploads\/2019\/10\/01-cafe-racer-reb-baron-300x225.jpg 300w, https:\/\/www.caferacerworld.com\/wp-content\/uploads\/2019\/10\/01-cafe-racer-reb-baron-768x576.jpg 768w\" sizes=\"auto, (max-width: 1024px) 100vw, 1024px\" \/><\/a><\/figure>\n\n\n\n<p><\/p>\n\n\n\n<h2 class=\"wp-block-heading\">\u00bfC\u00f3mo se hizo esta Cafe Racer \u00abRed Baron\u00bb?<\/h2>\n\n\n\n<p><\/p>\n\n\n\n<p><strong>Toda personalizaci\u00f3n es una forma de rebeli\u00f3n<\/strong>, pero tomar una Dyna fundamentalmente buena y convertirla en una cafe racer cazadora de calles es casi una locura. <em>\u201cPosiblemente sea una de las primeras cafe racers Big Twin en EE. UU.\u201d<\/em>, se\u00f1ala Fran, a\u00f1adiendo que siente que este modelo est\u00e1 infravalorado en Estados Unidos. <\/p>\n\n\n\n<p>Con una inclinaci\u00f3n reducida gracias a horquillas acortadas y amortiguadores con dep\u00f3sito externo m\u00e1s altos, la geometr\u00eda conservadora de f\u00e1brica de la Red Baron ha sido llevada al l\u00edmite: direcci\u00f3n m\u00e1s r\u00e1pida, m\u00e1s peso sobre la rueda delantera y espacio para \u00e1ngulos de inclinaci\u00f3n mayores, algo con lo que una Dyna de serie ni siquiera podr\u00eda so\u00f1ar.<\/p>\n\n\n\n<p><\/p>\n\n\n\n<p>Aunque la <em>XLCR <\/em>allan\u00f3 el camino para los propietarios de <strong>Sportster <\/strong>que deseaban un poco m\u00e1s de inclinaci\u00f3n, este tipo de tratamiento del chasis es algo nuevo para las <em>Big Twins.<\/em> Fran lleg\u00f3 a Estados Unidos hace solo cuatro a\u00f1os para establecer su taller en Miami, pero tiene un fuerte sentido de la historia mec\u00e1nica y, claramente, ha aportado su propio estilo a las m\u00e1quinas que tanto valoramos en estas tierras. Basta con ver lo inclinados hacia arriba que est\u00e1n los escapes <em>Vance &amp; Hines<\/em>, un testimonio de los importantes cambios que se han hecho en la postura. <strong>Es un detalle que llama la atenci\u00f3n y que da un perfil \u00fanico a una moto que sali\u00f3 de f\u00e1brica con unas intenciones radicalmente distintas.<\/strong><\/p>\n\n\n\n<p><\/p>\n\n\n\n<div class=\"wp-block-columns has-2-columns is-layout-flex wp-container-core-columns-is-layout-28f84493 wp-block-columns-is-layout-flex\">\n<div class=\"wp-block-column is-layout-flow wp-block-column-is-layout-flow\">\n<figure class=\"wp-block-image\"><a href=\"https:\/\/www.caferacerworld.com\/wp-content\/uploads\/2019\/10\/15-cafe-racer-reb-baron.jpg\"><img loading=\"lazy\" decoding=\"async\" width=\"1024\" height=\"768\" src=\"https:\/\/www.caferacerworld.com\/wp-content\/uploads\/2019\/10\/15-cafe-racer-reb-baron-1024x768.jpg\" alt=\"Red Baron Dyna Cafe Racer\" class=\"wp-image-260\" srcset=\"https:\/\/www.caferacerworld.com\/wp-content\/uploads\/2019\/10\/15-cafe-racer-reb-baron.jpg 1024w, https:\/\/www.caferacerworld.com\/wp-content\/uploads\/2019\/10\/15-cafe-racer-reb-baron-300x225.jpg 300w, https:\/\/www.caferacerworld.com\/wp-content\/uploads\/2019\/10\/15-cafe-racer-reb-baron-768x576.jpg 768w\" sizes=\"auto, (max-width: 1024px) 100vw, 1024px\" \/><\/a><\/figure>\n<\/div>\n\n\n\n<div class=\"wp-block-column is-layout-flow wp-block-column-is-layout-flow\">\n<figure class=\"wp-block-image\"><a href=\"https:\/\/www.caferacerworld.com\/wp-content\/uploads\/2019\/10\/14-cafe-racer-reb-baron.jpg\"><img loading=\"lazy\" decoding=\"async\" width=\"1024\" height=\"768\" src=\"https:\/\/www.caferacerworld.com\/wp-content\/uploads\/2019\/10\/14-cafe-racer-reb-baron-1024x768.jpg\" alt=\"Red Baron Dyna Cafe Racer\" class=\"wp-image-259\" srcset=\"https:\/\/www.caferacerworld.com\/wp-content\/uploads\/2019\/10\/14-cafe-racer-reb-baron.jpg 1024w, https:\/\/www.caferacerworld.com\/wp-content\/uploads\/2019\/10\/14-cafe-racer-reb-baron-300x225.jpg 300w, https:\/\/www.caferacerworld.com\/wp-content\/uploads\/2019\/10\/14-cafe-racer-reb-baron-768x576.jpg 768w\" sizes=\"auto, (max-width: 1024px) 100vw, 1024px\" \/><\/a><\/figure>\n<\/div>\n<\/div>\n\n\n\n<p><\/p>\n\n\n\n<p>Las l\u00edneas de la moto se vuelven a\u00fan m\u00e1s deportivas gracias a la incorporaci\u00f3n de ruedas de radios DNA, con una llanta de 19\u201d en la parte delantera y una de 18\u201d en la trasera.<strong> Los radios y las llantas est\u00e1n a juego con el agresivo esquema de color negro y rojo que se hace evidente en peque\u00f1os y grandes detalles por toda la moto<\/strong>, desde las tapas y paneles personalizados del motor hasta las barras de la horquilla e incluso una tapa del claxon que luce con orgullo las iniciales de <strong>Lord Drake Kustoms<\/strong>.<\/p>\n\n\n\n<p><\/p>\n\n\n\n<div class=\"wp-block-columns has-2-columns is-layout-flex wp-container-core-columns-is-layout-28f84493 wp-block-columns-is-layout-flex\">\n<div class=\"wp-block-column is-layout-flow wp-block-column-is-layout-flow\">\n<figure class=\"wp-block-image\"><a href=\"https:\/\/www.caferacerworld.com\/wp-content\/uploads\/2019\/10\/13-cafe-racer-reb-baron.jpg\"><img loading=\"lazy\" decoding=\"async\" width=\"1024\" height=\"768\" src=\"https:\/\/www.caferacerworld.com\/wp-content\/uploads\/2019\/10\/13-cafe-racer-reb-baron-1024x768.jpg\" alt=\"Red Baron Dyna Cafe Racer\" class=\"wp-image-258\" srcset=\"https:\/\/www.caferacerworld.com\/wp-content\/uploads\/2019\/10\/13-cafe-racer-reb-baron.jpg 1024w, https:\/\/www.caferacerworld.com\/wp-content\/uploads\/2019\/10\/13-cafe-racer-reb-baron-300x225.jpg 300w, https:\/\/www.caferacerworld.com\/wp-content\/uploads\/2019\/10\/13-cafe-racer-reb-baron-768x576.jpg 768w\" sizes=\"auto, (max-width: 1024px) 100vw, 1024px\" \/><\/a><\/figure>\n<\/div>\n\n\n\n<div class=\"wp-block-column is-layout-flow wp-block-column-is-layout-flow\">\n<figure class=\"wp-block-image\"><a href=\"https:\/\/www.caferacerworld.com\/wp-content\/uploads\/2019\/10\/12-cafe-racer-reb-baron.jpg\"><img loading=\"lazy\" decoding=\"async\" width=\"1024\" height=\"768\" src=\"https:\/\/www.caferacerworld.com\/wp-content\/uploads\/2019\/10\/12-cafe-racer-reb-baron-1024x768.jpg\" alt=\"Red Baron Dyna Cafe Racer\" class=\"wp-image-257\" srcset=\"https:\/\/www.caferacerworld.com\/wp-content\/uploads\/2019\/10\/12-cafe-racer-reb-baron.jpg 1024w, https:\/\/www.caferacerworld.com\/wp-content\/uploads\/2019\/10\/12-cafe-racer-reb-baron-300x225.jpg 300w, https:\/\/www.caferacerworld.com\/wp-content\/uploads\/2019\/10\/12-cafe-racer-reb-baron-768x576.jpg 768w\" sizes=\"auto, (max-width: 1024px) 100vw, 1024px\" \/><\/a><\/figure>\n<\/div>\n<\/div>\n\n\n\n<p><\/p>\n\n\n\n<p>El dise\u00f1o se mantiene en las placas portan\u00fameros personalizadas, con el n\u00famero 80 cuidadosamente recortado en los paneles y relleno con una malla negra decorativa. <strong>\u00bfY por qu\u00e9 el 80, preguntas?<\/strong> <\/p>\n\n\n\n<p><\/p>\n\n\n\n<blockquote class=\"wp-block-quote is-layout-flow wp-block-quote-is-layout-flow\">\n<p>Es el mismo n\u00famero de victorias que consigui\u00f3 el propio Bar\u00f3n Rojo<\/p>\n\n\n\n<p class=\"has-small-font-size\"><em>Explica Fran <\/em><\/p>\n<\/blockquote>\n\n\n\n<p>El refuerzo de la horquilla recibi\u00f3 un tratamiento similar, con una malla negra en contraste colocada debajo del orificio del propio refuerzo.<\/p>\n\n\n\n<p><\/p>\n\n\n\n<div class=\"wp-block-columns has-2-columns is-layout-flex wp-container-core-columns-is-layout-28f84493 wp-block-columns-is-layout-flex\">\n<div class=\"wp-block-column is-layout-flow wp-block-column-is-layout-flow\">\n<figure class=\"wp-block-image\"><a href=\"https:\/\/www.caferacerworld.com\/wp-content\/uploads\/2019\/10\/11-cafe-racer-reb-baron.jpg\"><img loading=\"lazy\" decoding=\"async\" width=\"1024\" height=\"768\" src=\"https:\/\/www.caferacerworld.com\/wp-content\/uploads\/2019\/10\/11-cafe-racer-reb-baron-1024x768.jpg\" alt=\"Red Baron Dyna Cafe Racer\" class=\"wp-image-256\" srcset=\"https:\/\/www.caferacerworld.com\/wp-content\/uploads\/2019\/10\/11-cafe-racer-reb-baron.jpg 1024w, https:\/\/www.caferacerworld.com\/wp-content\/uploads\/2019\/10\/11-cafe-racer-reb-baron-300x225.jpg 300w, https:\/\/www.caferacerworld.com\/wp-content\/uploads\/2019\/10\/11-cafe-racer-reb-baron-768x576.jpg 768w\" sizes=\"auto, (max-width: 1024px) 100vw, 1024px\" \/><\/a><\/figure>\n<\/div>\n\n\n\n<div class=\"wp-block-column is-layout-flow wp-block-column-is-layout-flow\">\n<figure class=\"wp-block-image\"><a href=\"https:\/\/www.caferacerworld.com\/wp-content\/uploads\/2019\/10\/10-cafe-racer-reb-baron.jpg\"><img loading=\"lazy\" decoding=\"async\" width=\"1024\" height=\"768\" src=\"https:\/\/www.caferacerworld.com\/wp-content\/uploads\/2019\/10\/10-cafe-racer-reb-baron-1024x768.jpg\" alt=\"Red Baron Dyna Cafe Racer\" class=\"wp-image-255\" srcset=\"https:\/\/www.caferacerworld.com\/wp-content\/uploads\/2019\/10\/10-cafe-racer-reb-baron.jpg 1024w, https:\/\/www.caferacerworld.com\/wp-content\/uploads\/2019\/10\/10-cafe-racer-reb-baron-300x225.jpg 300w, https:\/\/www.caferacerworld.com\/wp-content\/uploads\/2019\/10\/10-cafe-racer-reb-baron-768x576.jpg 768w\" sizes=\"auto, (max-width: 1024px) 100vw, 1024px\" \/><\/a><\/figure>\n<\/div>\n<\/div>\n\n\n\n<p><\/p>\n\n\n\n<p>Se requiri\u00f3 m\u00e1s trabajo de fabricaci\u00f3n para dar forma a la carrocer\u00eda, un elemento clave en cualquier construcci\u00f3n tipo <em>cafe racer<\/em>. La <strong>secci\u00f3n trasera<\/strong> se realiz\u00f3 internamente en <strong>Lord Drake Kustoms<\/strong>, desde el modelado y moldeado del col\u00edn hasta la incorporaci\u00f3n de espuma bajo el tapizado del asiento, para ofrecer un poco m\u00e1s de comodidad que aquellas motos caf\u00e9 cubiertas de cinta que mencion\u00e9 antes. <\/p>\n\n\n\n<p>Fran incluso integr\u00f3 una elegante luz trasera LED en la parte posterior. El dep\u00f3sito fue modificado con un panel de instrumentos personalizado y luego pintado cuidadosamente para que el esquema de pintura bicolor fluyera en una l\u00ednea continua desde el dep\u00f3sito hasta el asiento y el col\u00edn. Un <strong>carenado<\/strong> tipo bikini a\u00f1ade un toque de <strong>protecci\u00f3n contra el viento<\/strong> para el piloto, a la vez que ayuda a crear el <strong>perfil limpio y estilizado<\/strong> que buscan la mayor\u00eda de las cafe racers.<\/p>\n\n\n\n<p><\/p>\n\n\n\n<div class=\"wp-block-columns has-2-columns is-layout-flex wp-container-core-columns-is-layout-28f84493 wp-block-columns-is-layout-flex\">\n<div class=\"wp-block-column is-layout-flow wp-block-column-is-layout-flow\">\n<figure class=\"wp-block-image\"><a href=\"https:\/\/www.caferacerworld.com\/wp-content\/uploads\/2019\/10\/09-cafe-racer-reb-baron.jpg\"><img loading=\"lazy\" decoding=\"async\" width=\"1024\" height=\"768\" src=\"https:\/\/www.caferacerworld.com\/wp-content\/uploads\/2019\/10\/09-cafe-racer-reb-baron-1024x768.jpg\" alt=\"Red Baron Dyna Cafe Racer\" class=\"wp-image-254\" srcset=\"https:\/\/www.caferacerworld.com\/wp-content\/uploads\/2019\/10\/09-cafe-racer-reb-baron.jpg 1024w, https:\/\/www.caferacerworld.com\/wp-content\/uploads\/2019\/10\/09-cafe-racer-reb-baron-300x225.jpg 300w, https:\/\/www.caferacerworld.com\/wp-content\/uploads\/2019\/10\/09-cafe-racer-reb-baron-768x576.jpg 768w\" sizes=\"auto, (max-width: 1024px) 100vw, 1024px\" \/><\/a><\/figure>\n<\/div>\n\n\n\n<div class=\"wp-block-column is-layout-flow wp-block-column-is-layout-flow\">\n<figure class=\"wp-block-image\"><a href=\"https:\/\/www.caferacerworld.com\/wp-content\/uploads\/2019\/10\/08-cafe-racer-reb-baron.jpg\"><img loading=\"lazy\" decoding=\"async\" width=\"1024\" height=\"768\" src=\"https:\/\/www.caferacerworld.com\/wp-content\/uploads\/2019\/10\/08-cafe-racer-reb-baron-1024x768.jpg\" alt=\"Red Baron Dyna Cafe Racer\" class=\"wp-image-253\" srcset=\"https:\/\/www.caferacerworld.com\/wp-content\/uploads\/2019\/10\/08-cafe-racer-reb-baron.jpg 1024w, https:\/\/www.caferacerworld.com\/wp-content\/uploads\/2019\/10\/08-cafe-racer-reb-baron-300x225.jpg 300w, https:\/\/www.caferacerworld.com\/wp-content\/uploads\/2019\/10\/08-cafe-racer-reb-baron-768x576.jpg 768w\" sizes=\"auto, (max-width: 1024px) 100vw, 1024px\" \/><\/a><\/figure>\n<\/div>\n<\/div>\n\n\n\n<p><\/p>\n\n\n\n<p>El manillar consiste en un par de clip-ons de <em>Roland Sands Design<\/em>, montados por encima de la tija superior para ofrecer una posici\u00f3n de conducci\u00f3n deportiva pero razonable. Se mantuvieron los mandos intermedios, y con raz\u00f3n: <strong>no se puede realmente exprimir una moto como esta en carreteras con las piernas abiertas al viento y arrastrando las estriberas en cada curva<\/strong>. <em>RSD <\/em>tambi\u00e9n fue la fuente de otros detalles modernos, como las tapas de embrague y \u00e1rbol de levas de la l\u00ednea Clarity, que dejan al descubierto parte del funcionamiento interno de esta moto.<\/p>\n\n\n\n<p><\/p>\n\n\n\n<figure class=\"wp-block-image\"><a href=\"https:\/\/www.caferacerworld.com\/wp-content\/uploads\/2019\/10\/06-cafe-racer-reb-baron.jpg\"><img loading=\"lazy\" decoding=\"async\" width=\"1024\" height=\"768\" src=\"https:\/\/www.caferacerworld.com\/wp-content\/uploads\/2019\/10\/06-cafe-racer-reb-baron-1024x768.jpg\" alt=\"Red Baron Dyna Cafe Racer\" class=\"wp-image-252\" srcset=\"https:\/\/www.caferacerworld.com\/wp-content\/uploads\/2019\/10\/06-cafe-racer-reb-baron.jpg 1024w, https:\/\/www.caferacerworld.com\/wp-content\/uploads\/2019\/10\/06-cafe-racer-reb-baron-300x225.jpg 300w, https:\/\/www.caferacerworld.com\/wp-content\/uploads\/2019\/10\/06-cafe-racer-reb-baron-768x576.jpg 768w\" sizes=\"auto, (max-width: 1024px) 100vw, 1024px\" \/><\/a><\/figure>\n\n\n\n<p><\/p>\n\n\n\n<p><\/p>\n\n\n\n<p>Hablando de ese funcionamiento interno, el ya considerable <em>Twin Cam de 88\u201d<\/em> se dej\u00f3 en un estado de preparaci\u00f3n relativamente moderado. Entonces, <strong>\u00bfc\u00f3mo se supone que esta moto debe estar a la altura de su imagen deportiva?<\/strong> Con la cl\u00e1sica <em>relaci\u00f3n peso-potencia<\/em>, el credo por el que vive toda aut\u00e9ntica <\/p>\n\n\n\n<p><strong>\u00bfPor qu\u00e9 a\u00f1adir potencia cuando simplemente puedes reducir peso?<\/strong> Al prescindir de tantos accesorios t\u00edpicos de una Big Twin, el motor de la Red Baron mueve la moto con soltura. Recuerda que la mayor\u00eda de los constructores de cafe racers parten de motores 350, 400, tal vez un 750 si se sienten agresivos. \u00a1La Red Baron tiene casi el doble de cilindrada que un 750!<\/p>\n\n\n\n<p><\/p>\n\n\n\n<p><\/p>\n\n\n\n<figure class=\"wp-block-image\"><a href=\"https:\/\/www.caferacerworld.com\/wp-content\/uploads\/2019\/10\/16-cafe-racer-reb-baron.jpg\"><img loading=\"lazy\" decoding=\"async\" width=\"1024\" height=\"768\" src=\"https:\/\/www.caferacerworld.com\/wp-content\/uploads\/2019\/10\/16-cafe-racer-reb-baron-1024x768.jpg\" alt=\"Red Baron Dyna Cafe Racer\" class=\"wp-image-261\" srcset=\"https:\/\/www.caferacerworld.com\/wp-content\/uploads\/2019\/10\/16-cafe-racer-reb-baron.jpg 1024w, https:\/\/www.caferacerworld.com\/wp-content\/uploads\/2019\/10\/16-cafe-racer-reb-baron-300x225.jpg 300w, https:\/\/www.caferacerworld.com\/wp-content\/uploads\/2019\/10\/16-cafe-racer-reb-baron-768x576.jpg 768w\" sizes=\"auto, (max-width: 1024px) 100vw, 1024px\" \/><\/a><\/figure>\n\n\n\n<p><\/p>\n\n\n\n<p>Los escapes <em>Vance &amp; Hines<\/em> que mencionamos se encargan del lado del escape, mientras que un sistema de admisi\u00f3n ajustado de <em>S&amp;S<\/em> toma aire a trav\u00e9s del carburador <em>S&amp;S de 58 mm<\/em>, m\u00e1s grande. Y no fue solo el motor el que respiraba con fuerza cuando Fran llev\u00f3 la moto a <strong>Daytona<\/strong>  para competir en el reconocido <strong><em>Rat\u2019s Hole Show.<\/em><\/strong><\/p>\n\n\n\n<p><\/p>\n\n\n\n<figure class=\"wp-block-image\"><a href=\"https:\/\/www.caferacerworld.com\/wp-content\/uploads\/2019\/10\/02-cafe-racer-reb-baron.jpg\"><img loading=\"lazy\" decoding=\"async\" width=\"1024\" height=\"768\" src=\"https:\/\/www.caferacerworld.com\/wp-content\/uploads\/2019\/10\/02-cafe-racer-reb-baron-1024x768.jpg\" alt=\"Red Baron Dyna Cafe Racer\" class=\"wp-image-250\" srcset=\"https:\/\/www.caferacerworld.com\/wp-content\/uploads\/2019\/10\/02-cafe-racer-reb-baron.jpg 1024w, https:\/\/www.caferacerworld.com\/wp-content\/uploads\/2019\/10\/02-cafe-racer-reb-baron-300x225.jpg 300w, https:\/\/www.caferacerworld.com\/wp-content\/uploads\/2019\/10\/02-cafe-racer-reb-baron-768x576.jpg 768w\" sizes=\"auto, (max-width: 1024px) 100vw, 1024px\" \/><\/a><\/figure>\n\n\n\n<p><\/p>\n\n\n\n<h2 class=\"wp-block-heading\">Triunfo en los escenarios<\/h2>\n\n\n\n<p>As\u00ed como <em>\u00abel Bar\u00f3n Rojo\u00bb<\/em> se aventur\u00f3 audazmente en territorio desconocido, esta <strong>Red Baron<\/strong> subi\u00f3 al escenario para dar batalla en la competici\u00f3n de motos custom m\u00e1s longeva\u2014el <strong>Rat\u2019s Hole Show<\/strong>\u2014durante el prestigioso evento nacional de Estados Unidos\u2014<strong>Daytona Bike Week<\/strong>\u2014en la primera presentaci\u00f3n de una m\u00e1quina construida por <strong>Lord Drake Kustoms<\/strong>. Y gracias a la audaz elecci\u00f3n de plataforma y a una ejecuci\u00f3n magistral, la <strong>Red Baron <\/strong>se llev\u00f3 el <em>primer lugar en la categor\u00eda Cafe Racer<\/em>.<\/p>\n\n\n\n<p><em><strong>Sigue volando alto, Red Baron. <\/strong><\/em><\/p>\n\n\n\n<p><\/p>\n\n\n\n<figure class=\"wp-block-image\"><a href=\"https:\/\/www.caferacerworld.com\/wp-content\/uploads\/2019\/10\/07-cafe-racer-reb-baron.jpg\"><img loading=\"lazy\" decoding=\"async\" width=\"1024\" height=\"768\" src=\"https:\/\/www.caferacerworld.com\/wp-content\/uploads\/2019\/10\/07-cafe-racer-reb-baron-1024x768.jpg\" alt=\"Red Baron Dyna Cafe Racer\" class=\"wp-image-248\" srcset=\"https:\/\/www.caferacerworld.com\/wp-content\/uploads\/2019\/10\/07-cafe-racer-reb-baron.jpg 1024w, https:\/\/www.caferacerworld.com\/wp-content\/uploads\/2019\/10\/07-cafe-racer-reb-baron-300x225.jpg 300w, https:\/\/www.caferacerworld.com\/wp-content\/uploads\/2019\/10\/07-cafe-racer-reb-baron-768x576.jpg 768w\" sizes=\"auto, (max-width: 1024px) 100vw, 1024px\" \/><\/a><\/figure>\n\n\n\n<p><\/p>\n\n\n\n<p><\/p>\n\n\n\n<h2 class=\"wp-block-heading\">Ficha t\u00e9cnica<\/h2>\n\n\n\n<p><\/p>\n\n\n\n<h3 class=\"wp-block-heading\"><strong>General<\/strong><\/h3>\n\n\n\n<ul class=\"wp-block-list\">\n<li><strong>Nombre:<\/strong> Red Baron<\/li>\n\n\n\n<li><strong>A\u00f1o, Marca y Modelo:<\/strong> 2001 Harley-Davidson Dyna Low Rider<\/li>\n\n\n\n<li><strong>Montaje\/Constructor:<\/strong> LDK<\/li>\n\n\n\n<li><strong>Tiempo de construcci\u00f3n:<\/strong> 6 semanas<\/li>\n<\/ul>\n\n\n\n<p><\/p>\n\n\n\n<h3 class=\"wp-block-heading\"><strong>Suspensi\u00f3n delantera<\/strong><\/h3>\n\n\n\n<ul class=\"wp-block-list\">\n<li><strong>A\u00f1o\/Modelo:<\/strong> 2001 H-D Narrow Glide<\/li>\n\n\n\n<li><strong>Fabricante:<\/strong> Harley-Davidson<\/li>\n\n\n\n<li><strong>Tipo:<\/strong> Telesc\u00f3pica<\/li>\n\n\n\n<li><strong>Tijas:<\/strong> Harley-Davidson<\/li>\n\n\n\n<li><strong>Extensi\u00f3n:<\/strong> 3\u201d por debajo<\/li>\n<\/ul>\n\n\n\n<p><\/p>\n\n\n\n<h3 class=\"wp-block-heading\"><strong>Motor<\/strong><\/h3>\n\n\n\n<ul class=\"wp-block-list\">\n<li><strong>A\u00f1o\/Modelo:<\/strong> 2001 Twin Cam<\/li>\n\n\n\n<li><strong>Cilindrada:<\/strong> 88 pulgadas c\u00fabicas<\/li>\n\n\n\n<li><strong>Parte baja:<\/strong> H-D<\/li>\n\n\n\n<li><strong>Pistones:<\/strong> H-D<\/li>\n\n\n\n<li><strong>C\u00e1rteres:<\/strong> H-D<\/li>\n\n\n\n<li><strong>Culatas:<\/strong> H-D<\/li>\n\n\n\n<li><strong>Levas:<\/strong> H-D<\/li>\n\n\n\n<li><strong>Empujadores:<\/strong> H-D<\/li>\n\n\n\n<li><strong>Carburador:<\/strong> S&amp;S 58 mm<\/li>\n\n\n\n<li><strong>Filtro de aire:<\/strong> S&amp;S<\/li>\n\n\n\n<li><strong>Escape:<\/strong> Vance &amp; Hines<\/li>\n\n\n\n<li><strong>Encendido:<\/strong> H-D<\/li>\n<\/ul>\n\n\n\n<p><\/p>\n\n\n\n<h3 class=\"wp-block-heading\"><strong>Transmisi\u00f3n<\/strong><\/h3>\n\n\n\n<ul class=\"wp-block-list\">\n<li><strong>A\u00f1o\/Modificaciones:<\/strong> 2001 \/ Ninguna<\/li>\n\n\n\n<li><strong>Transmisi\u00f3n primaria:<\/strong> Cadena<\/li>\n\n\n\n<li><strong>Transmisi\u00f3n secundaria:<\/strong> Correa<\/li>\n<\/ul>\n\n\n\n<p><\/p>\n\n\n\n<h3 class=\"wp-block-heading\"><strong>C<\/strong>hasis<\/h3>\n\n\n\n<ul class=\"wp-block-list\">\n<li><strong>A\u00f1o:<\/strong> 2001<\/li>\n\n\n\n<li><strong>Dise\u00f1o\/Fabricante:<\/strong> Harley-Davidson<\/li>\n<\/ul>\n\n\n\n<p><\/p>\n\n\n\n<h3 class=\"wp-block-heading\"><strong>Accesorios<\/strong><\/h3>\n\n\n\n<ul class=\"wp-block-list\">\n<li><strong>Manillar:<\/strong> Clip-ons RSD<\/li>\n\n\n\n<li><strong>Elevadores:<\/strong> Ninguno<\/li>\n\n\n\n<li><strong>Guardabarros:<\/strong> LDK<\/li>\n\n\n\n<li><strong>Dep\u00f3sito de gasolina:<\/strong> Sportster modificado por LDK<\/li>\n\n\n\n<li><strong>Dep\u00f3sito de aceite:<\/strong> Original<\/li>\n\n\n\n<li><strong>Faro delantero:<\/strong> Modificado por LDK<\/li>\n\n\n\n<li><strong>Piloto trasero:<\/strong> LDK<\/li>\n\n\n\n<li><strong>Veloc\u00edmetro:<\/strong> Original, con soporte fabricado por LDK<\/li>\n\n\n\n<li><strong>Reposapi\u00e9s:<\/strong> Performance Machine<\/li>\n\n\n\n<li><strong>Sistema el\u00e9ctrico:<\/strong> H-D<\/li>\n\n\n\n<li><strong>Asiento:<\/strong> LDK<\/li>\n\n\n\n<li><strong>Refuerzo de horquilla:<\/strong> LDK<\/li>\n<\/ul>\n\n\n\n<p><\/p>\n\n\n\n<h3 class=\"wp-block-heading\"><strong>Ruedas\/ neum\u00e1ticos<\/strong><\/h3>\n\n\n\n<ul class=\"wp-block-list\">\n<li><strong>Rueda delantera:<\/strong> 19\u201d DNA Fat Daddy<\/li>\n\n\n\n<li><strong>Neum\u00e1tico delantero:<\/strong> Metzeler<\/li>\n\n\n\n<li><strong>Tama\u00f1o:<\/strong> 19\u201d x 100<\/li>\n\n\n\n<li><strong>Rueda trasera:<\/strong> 18\u201d DNA Fat Daddy<\/li>\n\n\n\n<li><strong>Neum\u00e1tico trasero:<\/strong> Metzeler<\/li>\n\n\n\n<li><strong>Tama\u00f1o:<\/strong> 18\u201d x 160<\/li>\n\n\n\n<li><strong>Bujes:<\/strong> DNA<\/li>\n\n\n\n<li><strong>Discos:<\/strong> DNA<\/li>\n\n\n\n<li><strong>Frenos:<\/strong> H-D<\/li>\n<\/ul>\n\n\n\n<p><\/p>\n\n\n\n<h3 class=\"wp-block-heading\"><strong>Pintura<\/strong><\/h3>\n\n\n\n<ul class=\"wp-block-list\">\n<li><strong>Carrocer\u00eda\/Moldeado:<\/strong> LDK<\/li>\n\n\n\n<li><strong>Pintor:<\/strong> LDK<\/li>\n\n\n\n<li><strong>Color:<\/strong> Rojo fuego y negro<\/li>\n\n\n\n<li><strong>Powdercoating:<\/strong> LDK<\/li>\n<\/ul>\n","protected":false},"excerpt":{"rendered":"<p>Las cafe racers est\u00e1n en auge hoy en d\u00eda. Basta con bajar al bar local para tener una<\/p>\n","protected":false},"author":1,"featured_media":251,"comment_status":"open","ping_status":"open","sticky":false,"template":"","format":"standard","meta":{"footnotes":""},"categories":[5,7,16,12,45],"tags":[],"class_list":["post-246","post","type-post","status-publish","format-standard","has-post-thumbnail","hentry","category-cafe-racer","category-custom","category-dyna","category-harley-davidson","category-motos"],"yoast_head":"<!-- This site is optimized with the Yoast SEO plugin v25.4 - https:\/\/yoast.com\/wordpress\/plugins\/seo\/ -->\n<title>&quot;Red Baron&quot; Cafe Racer despega con furia - Cafe Racer World<\/title>\n<meta name=\"description\" content=\"Esta Cafe Racer fue customizada por Fran Manen y Lord Drake Kustoms en Miami, con una Harley-Davidson Dyna Low Rider cl\u00e1sica .\" \/>\n<meta name=\"robots\" content=\"index, follow, max-snippet:-1, max-image-preview:large, max-video-preview:-1\" \/>\n<link rel=\"canonical\" href=\"https:\/\/www.caferacerworld.com\/es\/red-baron-cafe-racer-takes-off-with-a-vengeance\/\" \/>\n<meta property=\"og:locale\" content=\"es_ES\" \/>\n<meta property=\"og:type\" content=\"article\" \/>\n<meta property=\"og:title\" content=\"&quot;Red Baron&quot; Cafe Racer despega con furia - Cafe Racer World\" \/>\n<meta property=\"og:description\" content=\"Esta Cafe Racer fue customizada por Fran Manen y Lord Drake Kustoms en Miami, con una Harley-Davidson Dyna Low Rider cl\u00e1sica .\" \/>\n<meta property=\"og:url\" content=\"https:\/\/www.caferacerworld.com\/es\/red-baron-cafe-racer-takes-off-with-a-vengeance\/\" \/>\n<meta property=\"og:site_name\" content=\"Cafe Racer World\" \/>\n<meta property=\"article:publisher\" content=\"https:\/\/www.facebook.com\/profile.php?id=61579424306050\" \/>\n<meta property=\"article:published_time\" content=\"2019-10-16T15:17:41+00:00\" \/>\n<meta property=\"article:modified_time\" content=\"2025-09-02T08:38:50+00:00\" \/>\n<meta property=\"og:image\" content=\"https:\/\/www.caferacerworld.com\/wp-content\/uploads\/2019\/10\/03-cafe-racer-reb-baron.jpg\" \/>\n\t<meta property=\"og:image:width\" content=\"1024\" \/>\n\t<meta property=\"og:image:height\" content=\"768\" \/>\n\t<meta property=\"og:image:type\" content=\"image\/jpeg\" \/>\n<meta name=\"author\" content=\"caferacer\" \/>\n<meta name=\"twitter:card\" content=\"summary_large_image\" \/>\n<meta name=\"twitter:label1\" content=\"Escrito por\" \/>\n\t<meta name=\"twitter:data1\" content=\"caferacer\" \/>\n\t<meta name=\"twitter:label2\" content=\"Tiempo de lectura\" \/>\n\t<meta name=\"twitter:data2\" content=\"9 minutos\" \/>\n<script type=\"application\/ld+json\" class=\"yoast-schema-graph\">{\"@context\":\"https:\/\/schema.org\",\"@graph\":[{\"@type\":\"Article\",\"@id\":\"https:\/\/www.caferacerworld.com\/es\/red-baron-cafe-racer-takes-off-with-a-vengeance\/#article\",\"isPartOf\":{\"@id\":\"https:\/\/www.caferacerworld.com\/es\/red-baron-cafe-racer-takes-off-with-a-vengeance\/\"},\"author\":{\"name\":\"caferacer\",\"@id\":\"https:\/\/www.caferacerworld.com\/es\/#\/schema\/person\/f53266c5722a1bfe7280939b3daf386d\"},\"headline\":\"\u00abRed Baron\u00bb Cafe Racer despega con furia\",\"datePublished\":\"2019-10-16T15:17:41+00:00\",\"dateModified\":\"2025-09-02T08:38:50+00:00\",\"mainEntityOfPage\":{\"@id\":\"https:\/\/www.caferacerworld.com\/es\/red-baron-cafe-racer-takes-off-with-a-vengeance\/\"},\"wordCount\":1345,\"commentCount\":0,\"publisher\":{\"@id\":\"https:\/\/www.caferacerworld.com\/es\/#organization\"},\"image\":{\"@id\":\"https:\/\/www.caferacerworld.com\/es\/red-baron-cafe-racer-takes-off-with-a-vengeance\/#primaryimage\"},\"thumbnailUrl\":\"https:\/\/www.caferacerworld.com\/wp-content\/uploads\/2019\/10\/03-cafe-racer-reb-baron.jpg\",\"articleSection\":[\"Cafe Racer\",\"Custom\",\"Dyna\",\"Harley Davidson\",\"Motos\"],\"inLanguage\":\"es\",\"potentialAction\":[{\"@type\":\"CommentAction\",\"name\":\"Comment\",\"target\":[\"https:\/\/www.caferacerworld.com\/es\/red-baron-cafe-racer-takes-off-with-a-vengeance\/#respond\"]}]},{\"@type\":\"WebPage\",\"@id\":\"https:\/\/www.caferacerworld.com\/es\/red-baron-cafe-racer-takes-off-with-a-vengeance\/\",\"url\":\"https:\/\/www.caferacerworld.com\/es\/red-baron-cafe-racer-takes-off-with-a-vengeance\/\",\"name\":\"\\\"Red Baron\\\" Cafe Racer despega con furia - Cafe Racer World\",\"isPartOf\":{\"@id\":\"https:\/\/www.caferacerworld.com\/es\/#website\"},\"primaryImageOfPage\":{\"@id\":\"https:\/\/www.caferacerworld.com\/es\/red-baron-cafe-racer-takes-off-with-a-vengeance\/#primaryimage\"},\"image\":{\"@id\":\"https:\/\/www.caferacerworld.com\/es\/red-baron-cafe-racer-takes-off-with-a-vengeance\/#primaryimage\"},\"thumbnailUrl\":\"https:\/\/www.caferacerworld.com\/wp-content\/uploads\/2019\/10\/03-cafe-racer-reb-baron.jpg\",\"datePublished\":\"2019-10-16T15:17:41+00:00\",\"dateModified\":\"2025-09-02T08:38:50+00:00\",\"description\":\"Esta Cafe Racer fue customizada por Fran Manen y Lord Drake Kustoms en Miami, con una Harley-Davidson Dyna Low Rider cl\u00e1sica .\",\"breadcrumb\":{\"@id\":\"https:\/\/www.caferacerworld.com\/es\/red-baron-cafe-racer-takes-off-with-a-vengeance\/#breadcrumb\"},\"inLanguage\":\"es\",\"potentialAction\":[{\"@type\":\"ReadAction\",\"target\":[\"https:\/\/www.caferacerworld.com\/es\/red-baron-cafe-racer-takes-off-with-a-vengeance\/\"]}]},{\"@type\":\"ImageObject\",\"inLanguage\":\"es\",\"@id\":\"https:\/\/www.caferacerworld.com\/es\/red-baron-cafe-racer-takes-off-with-a-vengeance\/#primaryimage\",\"url\":\"https:\/\/www.caferacerworld.com\/wp-content\/uploads\/2019\/10\/03-cafe-racer-reb-baron.jpg\",\"contentUrl\":\"https:\/\/www.caferacerworld.com\/wp-content\/uploads\/2019\/10\/03-cafe-racer-reb-baron.jpg\",\"width\":1024,\"height\":768,\"caption\":\"Red Baron Dyna Cafe Racer\"},{\"@type\":\"BreadcrumbList\",\"@id\":\"https:\/\/www.caferacerworld.com\/es\/red-baron-cafe-racer-takes-off-with-a-vengeance\/#breadcrumb\",\"itemListElement\":[{\"@type\":\"ListItem\",\"position\":1,\"name\":\"Portada\",\"item\":\"https:\/\/www.caferacerworld.com\/es\/\"},{\"@type\":\"ListItem\",\"position\":2,\"name\":\"\u00abRed Baron\u00bb Cafe Racer despega con furia\"}]},{\"@type\":\"WebSite\",\"@id\":\"https:\/\/www.caferacerworld.com\/es\/#website\",\"url\":\"https:\/\/www.caferacerworld.com\/es\/\",\"name\":\"Cafe Racer World\",\"description\":\"\",\"publisher\":{\"@id\":\"https:\/\/www.caferacerworld.com\/es\/#organization\"},\"potentialAction\":[{\"@type\":\"SearchAction\",\"target\":{\"@type\":\"EntryPoint\",\"urlTemplate\":\"https:\/\/www.caferacerworld.com\/es\/?s={search_term_string}\"},\"query-input\":{\"@type\":\"PropertyValueSpecification\",\"valueRequired\":true,\"valueName\":\"search_term_string\"}}],\"inLanguage\":\"es\"},{\"@type\":\"Organization\",\"@id\":\"https:\/\/www.caferacerworld.com\/es\/#organization\",\"name\":\"Cafe Racer World\",\"url\":\"https:\/\/www.caferacerworld.com\/es\/\",\"logo\":{\"@type\":\"ImageObject\",\"inLanguage\":\"es\",\"@id\":\"https:\/\/www.caferacerworld.com\/es\/#\/schema\/logo\/image\/\",\"url\":\"https:\/\/www.caferacerworld.com\/wp-content\/uploads\/2019\/10\/logo-crw-4-1.png\",\"contentUrl\":\"https:\/\/www.caferacerworld.com\/wp-content\/uploads\/2019\/10\/logo-crw-4-1.png\",\"width\":540,\"height\":160,\"caption\":\"Cafe Racer World\"},\"image\":{\"@id\":\"https:\/\/www.caferacerworld.com\/es\/#\/schema\/logo\/image\/\"},\"sameAs\":[\"https:\/\/www.facebook.com\/profile.php?id=61579424306050\",\"https:\/\/www.instagram.com\/caferacerworld_oficial\/\"]},{\"@type\":\"Person\",\"@id\":\"https:\/\/www.caferacerworld.com\/es\/#\/schema\/person\/f53266c5722a1bfe7280939b3daf386d\",\"name\":\"caferacer\",\"image\":{\"@type\":\"ImageObject\",\"inLanguage\":\"es\",\"@id\":\"https:\/\/www.caferacerworld.com\/es\/#\/schema\/person\/image\/\",\"url\":\"https:\/\/secure.gravatar.com\/avatar\/8d6dcab9ee12841d4b3c71b7639455bb04683d31fd41ad66ec3164209d3e2a0b?s=96&d=mm&r=g\",\"contentUrl\":\"https:\/\/secure.gravatar.com\/avatar\/8d6dcab9ee12841d4b3c71b7639455bb04683d31fd41ad66ec3164209d3e2a0b?s=96&d=mm&r=g\",\"caption\":\"caferacer\"}}]}<\/script>\n<!-- \/ Yoast SEO plugin. -->","yoast_head_json":{"title":"\"Red Baron\" Cafe Racer despega con furia - Cafe Racer World","description":"Esta Cafe Racer fue customizada por Fran Manen y Lord Drake Kustoms en Miami, con una Harley-Davidson Dyna Low Rider cl\u00e1sica .","robots":{"index":"index","follow":"follow","max-snippet":"max-snippet:-1","max-image-preview":"max-image-preview:large","max-video-preview":"max-video-preview:-1"},"canonical":"https:\/\/www.caferacerworld.com\/es\/red-baron-cafe-racer-takes-off-with-a-vengeance\/","og_locale":"es_ES","og_type":"article","og_title":"\"Red Baron\" Cafe Racer despega con furia - Cafe Racer World","og_description":"Esta Cafe Racer fue customizada por Fran Manen y Lord Drake Kustoms en Miami, con una Harley-Davidson Dyna Low Rider cl\u00e1sica .","og_url":"https:\/\/www.caferacerworld.com\/es\/red-baron-cafe-racer-takes-off-with-a-vengeance\/","og_site_name":"Cafe Racer World","article_publisher":"https:\/\/www.facebook.com\/profile.php?id=61579424306050","article_published_time":"2019-10-16T15:17:41+00:00","article_modified_time":"2025-09-02T08:38:50+00:00","og_image":[{"width":1024,"height":768,"url":"https:\/\/www.caferacerworld.com\/wp-content\/uploads\/2019\/10\/03-cafe-racer-reb-baron.jpg","type":"image\/jpeg"}],"author":"caferacer","twitter_card":"summary_large_image","twitter_misc":{"Escrito por":"caferacer","Tiempo de lectura":"9 minutos"},"schema":{"@context":"https:\/\/schema.org","@graph":[{"@type":"Article","@id":"https:\/\/www.caferacerworld.com\/es\/red-baron-cafe-racer-takes-off-with-a-vengeance\/#article","isPartOf":{"@id":"https:\/\/www.caferacerworld.com\/es\/red-baron-cafe-racer-takes-off-with-a-vengeance\/"},"author":{"name":"caferacer","@id":"https:\/\/www.caferacerworld.com\/es\/#\/schema\/person\/f53266c5722a1bfe7280939b3daf386d"},"headline":"\u00abRed Baron\u00bb Cafe Racer despega con furia","datePublished":"2019-10-16T15:17:41+00:00","dateModified":"2025-09-02T08:38:50+00:00","mainEntityOfPage":{"@id":"https:\/\/www.caferacerworld.com\/es\/red-baron-cafe-racer-takes-off-with-a-vengeance\/"},"wordCount":1345,"commentCount":0,"publisher":{"@id":"https:\/\/www.caferacerworld.com\/es\/#organization"},"image":{"@id":"https:\/\/www.caferacerworld.com\/es\/red-baron-cafe-racer-takes-off-with-a-vengeance\/#primaryimage"},"thumbnailUrl":"https:\/\/www.caferacerworld.com\/wp-content\/uploads\/2019\/10\/03-cafe-racer-reb-baron.jpg","articleSection":["Cafe Racer","Custom","Dyna","Harley Davidson","Motos"],"inLanguage":"es","potentialAction":[{"@type":"CommentAction","name":"Comment","target":["https:\/\/www.caferacerworld.com\/es\/red-baron-cafe-racer-takes-off-with-a-vengeance\/#respond"]}]},{"@type":"WebPage","@id":"https:\/\/www.caferacerworld.com\/es\/red-baron-cafe-racer-takes-off-with-a-vengeance\/","url":"https:\/\/www.caferacerworld.com\/es\/red-baron-cafe-racer-takes-off-with-a-vengeance\/","name":"\"Red Baron\" Cafe Racer despega con furia - Cafe Racer World","isPartOf":{"@id":"https:\/\/www.caferacerworld.com\/es\/#website"},"primaryImageOfPage":{"@id":"https:\/\/www.caferacerworld.com\/es\/red-baron-cafe-racer-takes-off-with-a-vengeance\/#primaryimage"},"image":{"@id":"https:\/\/www.caferacerworld.com\/es\/red-baron-cafe-racer-takes-off-with-a-vengeance\/#primaryimage"},"thumbnailUrl":"https:\/\/www.caferacerworld.com\/wp-content\/uploads\/2019\/10\/03-cafe-racer-reb-baron.jpg","datePublished":"2019-10-16T15:17:41+00:00","dateModified":"2025-09-02T08:38:50+00:00","description":"Esta Cafe Racer fue customizada por Fran Manen y Lord Drake Kustoms en Miami, con una Harley-Davidson Dyna Low Rider cl\u00e1sica .","breadcrumb":{"@id":"https:\/\/www.caferacerworld.com\/es\/red-baron-cafe-racer-takes-off-with-a-vengeance\/#breadcrumb"},"inLanguage":"es","potentialAction":[{"@type":"ReadAction","target":["https:\/\/www.caferacerworld.com\/es\/red-baron-cafe-racer-takes-off-with-a-vengeance\/"]}]},{"@type":"ImageObject","inLanguage":"es","@id":"https:\/\/www.caferacerworld.com\/es\/red-baron-cafe-racer-takes-off-with-a-vengeance\/#primaryimage","url":"https:\/\/www.caferacerworld.com\/wp-content\/uploads\/2019\/10\/03-cafe-racer-reb-baron.jpg","contentUrl":"https:\/\/www.caferacerworld.com\/wp-content\/uploads\/2019\/10\/03-cafe-racer-reb-baron.jpg","width":1024,"height":768,"caption":"Red Baron Dyna Cafe Racer"},{"@type":"BreadcrumbList","@id":"https:\/\/www.caferacerworld.com\/es\/red-baron-cafe-racer-takes-off-with-a-vengeance\/#breadcrumb","itemListElement":[{"@type":"ListItem","position":1,"name":"Portada","item":"https:\/\/www.caferacerworld.com\/es\/"},{"@type":"ListItem","position":2,"name":"\u00abRed Baron\u00bb Cafe Racer despega con furia"}]},{"@type":"WebSite","@id":"https:\/\/www.caferacerworld.com\/es\/#website","url":"https:\/\/www.caferacerworld.com\/es\/","name":"Cafe Racer World","description":"","publisher":{"@id":"https:\/\/www.caferacerworld.com\/es\/#organization"},"potentialAction":[{"@type":"SearchAction","target":{"@type":"EntryPoint","urlTemplate":"https:\/\/www.caferacerworld.com\/es\/?s={search_term_string}"},"query-input":{"@type":"PropertyValueSpecification","valueRequired":true,"valueName":"search_term_string"}}],"inLanguage":"es"},{"@type":"Organization","@id":"https:\/\/www.caferacerworld.com\/es\/#organization","name":"Cafe Racer World","url":"https:\/\/www.caferacerworld.com\/es\/","logo":{"@type":"ImageObject","inLanguage":"es","@id":"https:\/\/www.caferacerworld.com\/es\/#\/schema\/logo\/image\/","url":"https:\/\/www.caferacerworld.com\/wp-content\/uploads\/2019\/10\/logo-crw-4-1.png","contentUrl":"https:\/\/www.caferacerworld.com\/wp-content\/uploads\/2019\/10\/logo-crw-4-1.png","width":540,"height":160,"caption":"Cafe Racer World"},"image":{"@id":"https:\/\/www.caferacerworld.com\/es\/#\/schema\/logo\/image\/"},"sameAs":["https:\/\/www.facebook.com\/profile.php?id=61579424306050","https:\/\/www.instagram.com\/caferacerworld_oficial\/"]},{"@type":"Person","@id":"https:\/\/www.caferacerworld.com\/es\/#\/schema\/person\/f53266c5722a1bfe7280939b3daf386d","name":"caferacer","image":{"@type":"ImageObject","inLanguage":"es","@id":"https:\/\/www.caferacerworld.com\/es\/#\/schema\/person\/image\/","url":"https:\/\/secure.gravatar.com\/avatar\/8d6dcab9ee12841d4b3c71b7639455bb04683d31fd41ad66ec3164209d3e2a0b?s=96&d=mm&r=g","contentUrl":"https:\/\/secure.gravatar.com\/avatar\/8d6dcab9ee12841d4b3c71b7639455bb04683d31fd41ad66ec3164209d3e2a0b?s=96&d=mm&r=g","caption":"caferacer"}}]}},"featured_image_src":"https:\/\/www.caferacerworld.com\/wp-content\/uploads\/2019\/10\/03-cafe-racer-reb-baron-600x400.jpg","featured_image_src_square":"https:\/\/www.caferacerworld.com\/wp-content\/uploads\/2019\/10\/03-cafe-racer-reb-baron-600x600.jpg","author_info":{"display_name":"caferacer","author_link":"https:\/\/www.caferacerworld.com\/es\/author\/caferacer\/"},"_links":{"self":[{"href":"https:\/\/www.caferacerworld.com\/es\/wp-json\/wp\/v2\/posts\/246","targetHints":{"allow":["GET"]}}],"collection":[{"href":"https:\/\/www.caferacerworld.com\/es\/wp-json\/wp\/v2\/posts"}],"about":[{"href":"https:\/\/www.caferacerworld.com\/es\/wp-json\/wp\/v2\/types\/post"}],"author":[{"embeddable":true,"href":"https:\/\/www.caferacerworld.com\/es\/wp-json\/wp\/v2\/users\/1"}],"replies":[{"embeddable":true,"href":"https:\/\/www.caferacerworld.com\/es\/wp-json\/wp\/v2\/comments?post=246"}],"version-history":[{"count":7,"href":"https:\/\/www.caferacerworld.com\/es\/wp-json\/wp\/v2\/posts\/246\/revisions"}],"predecessor-version":[{"id":3162,"href":"https:\/\/www.caferacerworld.com\/es\/wp-json\/wp\/v2\/posts\/246\/revisions\/3162"}],"wp:featuredmedia":[{"embeddable":true,"href":"https:\/\/www.caferacerworld.com\/es\/wp-json\/wp\/v2\/media\/251"}],"wp:attachment":[{"href":"https:\/\/www.caferacerworld.com\/es\/wp-json\/wp\/v2\/media?parent=246"}],"wp:term":[{"taxonomy":"category","embeddable":true,"href":"https:\/\/www.caferacerworld.com\/es\/wp-json\/wp\/v2\/categories?post=246"},{"taxonomy":"post_tag","embeddable":true,"href":"https:\/\/www.caferacerworld.com\/es\/wp-json\/wp\/v2\/tags?post=246"}],"curies":[{"name":"wp","href":"https:\/\/api.w.org\/{rel}","templated":true}]}}