{"id":314,"date":"2019-10-22T16:16:04","date_gmt":"2019-10-22T14:16:04","guid":{"rendered":"https:\/\/www.caferacerworld.com\/?p=314"},"modified":"2025-09-02T10:23:02","modified_gmt":"2025-09-02T08:23:02","slug":"bmw-r65-the-green-cafe-racer","status":"publish","type":"post","link":"https:\/\/www.caferacerworld.com\/es\/bmw-r65-the-green-cafe-racer\/","title":{"rendered":"BMW R65, la cafe racer verde"},"content":{"rendered":"\n<p>Hay muchas motocicletas <a href=\"https:\/\/www.lorddrakekustoms.com\/bikes\/bmw\/\" target=\"_blank\" rel=\"noreferrer noopener\"><strong>BMW<\/strong><\/a> con las que <a href=\"https:\/\/www.lorddrakekustoms.com\/es\/\"><strong>Lord Drake Kustoms <\/strong><\/a>ha trabajado, pero esta Cafe Racer basada en una BMW R65 ha supuesto un comienzo para este nuevo futuro con la marca.<\/p>\n\n\n\n<p><\/p>\n\n\n\n<figure class=\"wp-block-image\"><a href=\"https:\/\/www.caferacerworld.com\/wp-content\/uploads\/2019\/10\/lord-drake-kustoms-bmw-cafe-racer-6-1024x768.jpg\"><img loading=\"lazy\" decoding=\"async\" width=\"1024\" height=\"768\" src=\"https:\/\/www.caferacerworld.com\/wp-content\/uploads\/2019\/10\/lord-drake-kustoms-bmw-cafe-racer-6-1024x768-1024x768.jpg\" alt=\"BMW R65 Cafe Racer Green\" class=\"wp-image-326\" srcset=\"https:\/\/www.caferacerworld.com\/wp-content\/uploads\/2019\/10\/lord-drake-kustoms-bmw-cafe-racer-6-1024x768.jpg 1024w, https:\/\/www.caferacerworld.com\/wp-content\/uploads\/2019\/10\/lord-drake-kustoms-bmw-cafe-racer-6-1024x768-300x225.jpg 300w, https:\/\/www.caferacerworld.com\/wp-content\/uploads\/2019\/10\/lord-drake-kustoms-bmw-cafe-racer-6-1024x768-768x576.jpg 768w\" sizes=\"auto, (max-width: 1024px) 100vw, 1024px\" \/><\/a><\/figure>\n\n\n\n<p><\/p>\n\n\n\n<p><em>\u201cTodos los que me conocen saben que soy fan de las Harley; y hasta entonces solo hab\u00eda trabajado con dos motocicletas BMW <\/em>(una R 1200 S y una R 1150 S)<em>\u201d<\/em>, nos cont\u00f3 Fran Manen<\/p>\n\n\n\n<p><\/p>\n\n\n\n<div class=\"wp-block-columns has-2-columns is-layout-flex wp-container-core-columns-is-layout-28f84493 wp-block-columns-is-layout-flex\">\n<div class=\"wp-block-column is-layout-flow wp-block-column-is-layout-flow\">\n<figure class=\"wp-block-image\"><a href=\"https:\/\/www.caferacerworld.com\/wp-content\/uploads\/2019\/10\/lord-drake-kustoms-bmw-cafe-racer-16-1024x768.jpg\"><img loading=\"lazy\" decoding=\"async\" width=\"1024\" height=\"768\" src=\"https:\/\/www.caferacerworld.com\/wp-content\/uploads\/2019\/10\/lord-drake-kustoms-bmw-cafe-racer-16-1024x768-1024x768.jpg\" alt=\"BMW R65 Cafe Racer Green\" class=\"wp-image-323\" srcset=\"https:\/\/www.caferacerworld.com\/wp-content\/uploads\/2019\/10\/lord-drake-kustoms-bmw-cafe-racer-16-1024x768.jpg 1024w, https:\/\/www.caferacerworld.com\/wp-content\/uploads\/2019\/10\/lord-drake-kustoms-bmw-cafe-racer-16-1024x768-300x225.jpg 300w, https:\/\/www.caferacerworld.com\/wp-content\/uploads\/2019\/10\/lord-drake-kustoms-bmw-cafe-racer-16-1024x768-768x576.jpg 768w\" sizes=\"auto, (max-width: 1024px) 100vw, 1024px\" \/><\/a><\/figure>\n<\/div>\n\n\n\n<div class=\"wp-block-column is-layout-flow wp-block-column-is-layout-flow\">\n<figure class=\"wp-block-image\"><a href=\"https:\/\/www.caferacerworld.com\/wp-content\/uploads\/2019\/10\/lord-drake-kustoms-bmw-cafe-racer-19-1024x768.jpg\"><img loading=\"lazy\" decoding=\"async\" width=\"1024\" height=\"768\" src=\"https:\/\/www.caferacerworld.com\/wp-content\/uploads\/2019\/10\/lord-drake-kustoms-bmw-cafe-racer-19-1024x768-1024x768.jpg\" alt=\"BMW R65 Cafe Racer Green\" class=\"wp-image-321\" srcset=\"https:\/\/www.caferacerworld.com\/wp-content\/uploads\/2019\/10\/lord-drake-kustoms-bmw-cafe-racer-19-1024x768.jpg 1024w, https:\/\/www.caferacerworld.com\/wp-content\/uploads\/2019\/10\/lord-drake-kustoms-bmw-cafe-racer-19-1024x768-300x225.jpg 300w, https:\/\/www.caferacerworld.com\/wp-content\/uploads\/2019\/10\/lord-drake-kustoms-bmw-cafe-racer-19-1024x768-768x576.jpg 768w\" sizes=\"auto, (max-width: 1024px) 100vw, 1024px\" \/><\/a><\/figure>\n<\/div>\n<\/div>\n\n\n\n<p><\/p>\n\n\n\n<p>Esta R65 fue la <strong>primera BMW cl\u00e1sica<\/strong> que cay\u00f3 en <strong>manos de Lord Drake Kustoms<\/strong>. Su propietaria, Ana, de Granada (Espa\u00f1a), es una amante de las motos y junto a su padre posee una peque\u00f1a colecci\u00f3n de motos antiguas.<\/p>\n\n\n\n<p>Ana lleg\u00f3 al taller LDK en M\u00e1laga para conocer a Francisco conduciendo una Sportster 48, pero no modific\u00f3 la Harley, sino que vino a modificar una BMW R65 que le hab\u00eda regalado su padre. Aunque la moto estaba en excelente estado y a pesar de las advertencias de su padre para que no la tocara, ella ten\u00eda claro que <strong>quer\u00eda una cafe racer muy elegante y agresiva.<\/strong><\/p>\n\n\n\n<p><\/p>\n\n\n\n<div class=\"wp-block-columns has-2-columns is-layout-flex wp-container-core-columns-is-layout-28f84493 wp-block-columns-is-layout-flex\">\n<div class=\"wp-block-column is-layout-flow wp-block-column-is-layout-flow\">\n<figure class=\"wp-block-image\"><a href=\"https:\/\/www.caferacerworld.com\/wp-content\/uploads\/2019\/10\/lord-drake-kustoms-bmw-cafe-racer-15-1024x683.jpg\"><img loading=\"lazy\" decoding=\"async\" width=\"1024\" height=\"683\" src=\"https:\/\/www.caferacerworld.com\/wp-content\/uploads\/2019\/10\/lord-drake-kustoms-bmw-cafe-racer-15-1024x683-1024x683.jpg\" alt=\"BMW R65 Cafe Racer Green\" class=\"wp-image-324\" srcset=\"https:\/\/www.caferacerworld.com\/wp-content\/uploads\/2019\/10\/lord-drake-kustoms-bmw-cafe-racer-15-1024x683.jpg 1024w, https:\/\/www.caferacerworld.com\/wp-content\/uploads\/2019\/10\/lord-drake-kustoms-bmw-cafe-racer-15-1024x683-300x200.jpg 300w, https:\/\/www.caferacerworld.com\/wp-content\/uploads\/2019\/10\/lord-drake-kustoms-bmw-cafe-racer-15-1024x683-768x512.jpg 768w, https:\/\/www.caferacerworld.com\/wp-content\/uploads\/2019\/10\/lord-drake-kustoms-bmw-cafe-racer-15-1024x683-600x400.jpg 600w\" sizes=\"auto, (max-width: 1024px) 100vw, 1024px\" \/><\/a><\/figure>\n<\/div>\n\n\n\n<div class=\"wp-block-column is-layout-flow wp-block-column-is-layout-flow\">\n<figure class=\"wp-block-image\"><a href=\"https:\/\/www.caferacerworld.com\/wp-content\/uploads\/2019\/10\/lord-drake-kustoms-bmw-cafe-racer-29-1024x683.jpg\"><img loading=\"lazy\" decoding=\"async\" width=\"1024\" height=\"683\" src=\"https:\/\/www.caferacerworld.com\/wp-content\/uploads\/2019\/10\/lord-drake-kustoms-bmw-cafe-racer-29-1024x683-1024x683.jpg\" alt=\"BMW R65 Cafe Racer Green\" class=\"wp-image-319\" srcset=\"https:\/\/www.caferacerworld.com\/wp-content\/uploads\/2019\/10\/lord-drake-kustoms-bmw-cafe-racer-29-1024x683.jpg 1024w, https:\/\/www.caferacerworld.com\/wp-content\/uploads\/2019\/10\/lord-drake-kustoms-bmw-cafe-racer-29-1024x683-300x200.jpg 300w, https:\/\/www.caferacerworld.com\/wp-content\/uploads\/2019\/10\/lord-drake-kustoms-bmw-cafe-racer-29-1024x683-768x512.jpg 768w, https:\/\/www.caferacerworld.com\/wp-content\/uploads\/2019\/10\/lord-drake-kustoms-bmw-cafe-racer-29-1024x683-600x400.jpg 600w\" sizes=\"auto, (max-width: 1024px) 100vw, 1024px\" \/><\/a><\/figure>\n<\/div>\n<\/div>\n\n\n\n<p><em>\u201cUnas semanas despu\u00e9s ser\u00eda la propia Ana quien traer\u00eda la moto a nuestro taller en M\u00e1laga, conduci\u00e9ndola desde Granada, y <strong>ah\u00ed comenz\u00f3 la historia<\/strong>\u2026\u201d<\/em>, se\u00f1al\u00f3 Fran.<\/p>\n\n\n\n<p><\/p>\n\n\n\n<h2 class=\"wp-block-heading\">C\u00f3mo se hizo?<\/h2>\n\n\n\n<p>Comenzamos desmontando toda la moto para arenarla y pintar el chasis, el motor y otras piezas en negro. Luego se reemplaz\u00f3 el dep\u00f3sito de combustible por el modelo de la <em>R100 <\/em>y se modific\u00f3 todo el subchasis para adaptar un col\u00edn fabricado a medida para esta ocasi\u00f3n. Para darle un toque m\u00e1s agresivo, se colocaron amortiguadores traseros m\u00e1s altos y se baj\u00f3 la suspensi\u00f3n delantera. El color fue sencillo, un tono elegante: <strong>todo en negro y la carrocer\u00eda en verde (Racing Green)<\/strong>, con el toque marr\u00f3n del asiento hecho a medida.<\/p>\n\n\n\n<p><\/p>\n\n\n\n<div class=\"wp-block-columns has-2-columns is-layout-flex wp-container-core-columns-is-layout-28f84493 wp-block-columns-is-layout-flex\">\n<div class=\"wp-block-column is-layout-flow wp-block-column-is-layout-flow\">\n<figure class=\"wp-block-image\"><a href=\"https:\/\/www.caferacerworld.com\/wp-content\/uploads\/2019\/10\/lord-drake-kustoms-bmw-cafe-racer-14-1024x768.jpg\"><img loading=\"lazy\" decoding=\"async\" width=\"1024\" height=\"768\" src=\"https:\/\/www.caferacerworld.com\/wp-content\/uploads\/2019\/10\/lord-drake-kustoms-bmw-cafe-racer-14-1024x768-1024x768.jpg\" alt=\"BMW R65 Cafe Racer Green\" class=\"wp-image-325\" srcset=\"https:\/\/www.caferacerworld.com\/wp-content\/uploads\/2019\/10\/lord-drake-kustoms-bmw-cafe-racer-14-1024x768.jpg 1024w, https:\/\/www.caferacerworld.com\/wp-content\/uploads\/2019\/10\/lord-drake-kustoms-bmw-cafe-racer-14-1024x768-300x225.jpg 300w, https:\/\/www.caferacerworld.com\/wp-content\/uploads\/2019\/10\/lord-drake-kustoms-bmw-cafe-racer-14-1024x768-768x576.jpg 768w\" sizes=\"auto, (max-width: 1024px) 100vw, 1024px\" \/><\/a><\/figure>\n<\/div>\n\n\n\n<div class=\"wp-block-column is-layout-flow wp-block-column-is-layout-flow\">\n<figure class=\"wp-block-image\"><a href=\"https:\/\/www.caferacerworld.com\/wp-content\/uploads\/2019\/10\/lord-drake-kustoms-bmw-cafe-racer-28-1024x768.jpg\"><img loading=\"lazy\" decoding=\"async\" width=\"1024\" height=\"768\" src=\"https:\/\/www.caferacerworld.com\/wp-content\/uploads\/2019\/10\/lord-drake-kustoms-bmw-cafe-racer-28-1024x768-1024x768.jpg\" alt=\"BMW R65 Cafe Racer Green\" class=\"wp-image-320\" srcset=\"https:\/\/www.caferacerworld.com\/wp-content\/uploads\/2019\/10\/lord-drake-kustoms-bmw-cafe-racer-28-1024x768.jpg 1024w, https:\/\/www.caferacerworld.com\/wp-content\/uploads\/2019\/10\/lord-drake-kustoms-bmw-cafe-racer-28-1024x768-300x225.jpg 300w, https:\/\/www.caferacerworld.com\/wp-content\/uploads\/2019\/10\/lord-drake-kustoms-bmw-cafe-racer-28-1024x768-768x576.jpg 768w\" sizes=\"auto, (max-width: 1024px) 100vw, 1024px\" \/><\/a><\/figure>\n<\/div>\n<\/div>\n\n\n\n<p><\/p>\n\n\n\n<div class=\"wp-block-columns has-2-columns is-layout-flex wp-container-core-columns-is-layout-28f84493 wp-block-columns-is-layout-flex\">\n<div class=\"wp-block-column is-layout-flow wp-block-column-is-layout-flow\">\n<figure class=\"wp-block-image\"><a href=\"https:\/\/www.caferacerworld.com\/wp-content\/uploads\/2019\/10\/lord-drake-kustoms-bmw-cafe-racer-32.jpg\"><img loading=\"lazy\" decoding=\"async\" width=\"969\" height=\"727\" src=\"https:\/\/www.caferacerworld.com\/wp-content\/uploads\/2019\/10\/lord-drake-kustoms-bmw-cafe-racer-32.jpg\" alt=\"BMW R65 Cafe Racer Green\" class=\"wp-image-318\" srcset=\"https:\/\/www.caferacerworld.com\/wp-content\/uploads\/2019\/10\/lord-drake-kustoms-bmw-cafe-racer-32.jpg 969w, https:\/\/www.caferacerworld.com\/wp-content\/uploads\/2019\/10\/lord-drake-kustoms-bmw-cafe-racer-32-300x225.jpg 300w, https:\/\/www.caferacerworld.com\/wp-content\/uploads\/2019\/10\/lord-drake-kustoms-bmw-cafe-racer-32-768x576.jpg 768w\" sizes=\"auto, (max-width: 969px) 100vw, 969px\" \/><\/a><\/figure>\n<\/div>\n\n\n\n<div class=\"wp-block-column is-layout-flow wp-block-column-is-layout-flow\">\n<figure class=\"wp-block-image\"><a href=\"https:\/\/www.caferacerworld.com\/wp-content\/uploads\/2019\/10\/lord-drake-kustoms-bmw-cafe-racer-34-1024x768.jpg\"><img loading=\"lazy\" decoding=\"async\" width=\"1024\" height=\"768\" src=\"https:\/\/www.caferacerworld.com\/wp-content\/uploads\/2019\/10\/lord-drake-kustoms-bmw-cafe-racer-34-1024x768-1024x768.jpg\" alt=\"BMW R65 Cafe Racer Green\" class=\"wp-image-317\" srcset=\"https:\/\/www.caferacerworld.com\/wp-content\/uploads\/2019\/10\/lord-drake-kustoms-bmw-cafe-racer-34-1024x768.jpg 1024w, https:\/\/www.caferacerworld.com\/wp-content\/uploads\/2019\/10\/lord-drake-kustoms-bmw-cafe-racer-34-1024x768-300x225.jpg 300w, https:\/\/www.caferacerworld.com\/wp-content\/uploads\/2019\/10\/lord-drake-kustoms-bmw-cafe-racer-34-1024x768-768x576.jpg 768w\" sizes=\"auto, (max-width: 1024px) 100vw, 1024px\" \/><\/a><\/figure>\n<\/div>\n<\/div>\n\n\n\n<p><\/p>\n\n\n\n<p>Reci\u00e9n salida del horno de Lord Drake Kustoms, parece que los amantes de BMW se han puesto de acuerdo para empezar a enviar sus m\u00e1quinas a <strong>LDK <\/strong>en M\u00e1laga, ya que <strong>actualmente est\u00e1n personalizando una <em>K100<\/em> y una <em>R100<\/em>, y en las pr\u00f3ximas semanas comenzar\u00e1n a trabajar con otras dos BMW<\/strong> (una <em>R100RS<\/em> y una <em>K1<\/em>) que, al parecer, van a dar mucho de qu\u00e9 hablar\u2026 \u00a1ya veremos!<\/p>\n\n\n\n<p><\/p>\n\n\n\n<figure class=\"wp-block-image\"><a href=\"https:\/\/www.caferacerworld.com\/wp-content\/uploads\/2019\/10\/lord-drake-kustoms-bmw-cafe-racer-44-1024x683.jpg\"><img loading=\"lazy\" decoding=\"async\" width=\"1024\" height=\"683\" src=\"https:\/\/www.caferacerworld.com\/wp-content\/uploads\/2019\/10\/lord-drake-kustoms-bmw-cafe-racer-44-1024x683-1024x683.jpg\" alt=\"BMW R65 Cafe Racer Green\" class=\"wp-image-316\" srcset=\"https:\/\/www.caferacerworld.com\/wp-content\/uploads\/2019\/10\/lord-drake-kustoms-bmw-cafe-racer-44-1024x683.jpg 1024w, https:\/\/www.caferacerworld.com\/wp-content\/uploads\/2019\/10\/lord-drake-kustoms-bmw-cafe-racer-44-1024x683-300x200.jpg 300w, https:\/\/www.caferacerworld.com\/wp-content\/uploads\/2019\/10\/lord-drake-kustoms-bmw-cafe-racer-44-1024x683-768x512.jpg 768w, https:\/\/www.caferacerworld.com\/wp-content\/uploads\/2019\/10\/lord-drake-kustoms-bmw-cafe-racer-44-1024x683-600x400.jpg 600w\" sizes=\"auto, (max-width: 1024px) 100vw, 1024px\" \/><\/a><\/figure>\n\n\n\n<p><\/p>\n\n\n\n<h2 class=\"wp-block-heading\">Ficha t\u00e9cnica<\/h2>\n\n\n\n<ul class=\"wp-block-list\">\n<li><strong>Moto:<\/strong> BMW R65<\/li>\n\n\n\n<li><strong>Motor:<\/strong> 650 cc<\/li>\n\n\n\n<li><strong>Dep\u00f3sito:<\/strong> BMW R100<\/li>\n\n\n\n<li><strong>Escapes:<\/strong> Aftermarket y colectores originales<\/li>\n\n\n\n<li><strong>Manillar:<\/strong> Semimanillares<\/li>\n\n\n\n<li><strong>Guardabarros trasero y col\u00edn:<\/strong> Hechos a mano en fibra<\/li>\n\n\n\n<li><strong>Subchasis:<\/strong> Modificado<\/li>\n\n\n\n<li><strong>Guardabarros delantero:<\/strong> Original modificado<\/li>\n\n\n\n<li><strong>Asiento:<\/strong> Hecho a medida y tapizado en piel sint\u00e9tica perforada<\/li>\n\n\n\n<li><strong>Suspensi\u00f3n delantera:<\/strong> Modificada<\/li>\n\n\n\n<li><strong>Suspensi\u00f3n trasera:<\/strong> Modificada con amortiguadores de aire m\u00e1s largos<\/li>\n\n\n\n<li><strong>Llantas:<\/strong> Originales pintadas en negro mate al polvo<\/li>\n\n\n\n<li><strong>Otros:<\/strong> Cuadro digital de kil\u00f3metros, pilotos LED, pu\u00f1os, tap\u00f3n de gasolina, portamatr\u00edculas artesanal, piloto trasero LED, modificaci\u00f3n del bomb\u00edn de arranque, etc.<\/li>\n<\/ul>\n","protected":false},"excerpt":{"rendered":"<p>Hay muchas motocicletas BMW con las que Lord Drake Kustoms ha trabajado, pero esta Cafe Racer basada en<\/p>\n","protected":false},"author":1,"featured_media":327,"comment_status":"open","ping_status":"open","sticky":false,"template":"","format":"standard","meta":{"footnotes":""},"categories":[10,5,45],"tags":[],"class_list":["post-314","post","type-post","status-publish","format-standard","has-post-thumbnail","hentry","category-bmw","category-cafe-racer","category-motos"],"yoast_head":"<!-- This site is optimized with the Yoast SEO plugin v25.4 - https:\/\/yoast.com\/wordpress\/plugins\/seo\/ -->\n<title>BMW R65, la cafe racer verde - Cafe Racer World<\/title>\n<meta name=\"description\" content=\"Esta Cafe Racer BMW verde fue construida por Fran Manen, propietario de Lord Drake Kustoms, y est\u00e1 basada en una BMW R65 para un cliente de Granada.\" \/>\n<meta name=\"robots\" content=\"index, follow, max-snippet:-1, max-image-preview:large, max-video-preview:-1\" \/>\n<link rel=\"canonical\" href=\"https:\/\/www.caferacerworld.com\/es\/bmw-r65-the-green-cafe-racer\/\" \/>\n<meta property=\"og:locale\" content=\"es_ES\" \/>\n<meta property=\"og:type\" content=\"article\" \/>\n<meta property=\"og:title\" content=\"BMW R65, la cafe racer verde - Cafe Racer World\" \/>\n<meta property=\"og:description\" content=\"Esta Cafe Racer BMW verde fue construida por Fran Manen, propietario de Lord Drake Kustoms, y est\u00e1 basada en una BMW R65 para un cliente de Granada.\" \/>\n<meta property=\"og:url\" content=\"https:\/\/www.caferacerworld.com\/es\/bmw-r65-the-green-cafe-racer\/\" \/>\n<meta property=\"og:site_name\" content=\"Cafe Racer World\" \/>\n<meta property=\"article:publisher\" content=\"https:\/\/www.facebook.com\/profile.php?id=61579424306050\" \/>\n<meta property=\"article:published_time\" content=\"2019-10-22T14:16:04+00:00\" \/>\n<meta property=\"article:modified_time\" content=\"2025-09-02T08:23:02+00:00\" \/>\n<meta property=\"og:image\" content=\"https:\/\/www.caferacerworld.com\/wp-content\/uploads\/2019\/10\/lord-drake-kustoms-bmw-cafe-racer-4-1024x683.jpg\" \/>\n\t<meta property=\"og:image:width\" content=\"1024\" \/>\n\t<meta property=\"og:image:height\" content=\"683\" \/>\n\t<meta property=\"og:image:type\" content=\"image\/jpeg\" \/>\n<meta name=\"author\" content=\"caferacer\" \/>\n<meta name=\"twitter:card\" content=\"summary_large_image\" \/>\n<meta name=\"twitter:label1\" content=\"Escrito por\" \/>\n\t<meta name=\"twitter:data1\" content=\"caferacer\" \/>\n\t<meta name=\"twitter:label2\" content=\"Tiempo de lectura\" \/>\n\t<meta name=\"twitter:data2\" content=\"5 minutos\" \/>\n<script type=\"application\/ld+json\" class=\"yoast-schema-graph\">{\"@context\":\"https:\/\/schema.org\",\"@graph\":[{\"@type\":\"Article\",\"@id\":\"https:\/\/www.caferacerworld.com\/es\/bmw-r65-the-green-cafe-racer\/#article\",\"isPartOf\":{\"@id\":\"https:\/\/www.caferacerworld.com\/es\/bmw-r65-the-green-cafe-racer\/\"},\"author\":{\"name\":\"caferacer\",\"@id\":\"https:\/\/www.caferacerworld.com\/es\/#\/schema\/person\/f53266c5722a1bfe7280939b3daf386d\"},\"headline\":\"BMW R65, la cafe racer verde\",\"datePublished\":\"2019-10-22T14:16:04+00:00\",\"dateModified\":\"2025-09-02T08:23:02+00:00\",\"mainEntityOfPage\":{\"@id\":\"https:\/\/www.caferacerworld.com\/es\/bmw-r65-the-green-cafe-racer\/\"},\"wordCount\":492,\"commentCount\":0,\"publisher\":{\"@id\":\"https:\/\/www.caferacerworld.com\/es\/#organization\"},\"image\":{\"@id\":\"https:\/\/www.caferacerworld.com\/es\/bmw-r65-the-green-cafe-racer\/#primaryimage\"},\"thumbnailUrl\":\"https:\/\/www.caferacerworld.com\/wp-content\/uploads\/2019\/10\/lord-drake-kustoms-bmw-cafe-racer-4-1024x683.jpg\",\"articleSection\":[\"BMW\",\"Cafe Racer\",\"Motos\"],\"inLanguage\":\"es\",\"potentialAction\":[{\"@type\":\"CommentAction\",\"name\":\"Comment\",\"target\":[\"https:\/\/www.caferacerworld.com\/es\/bmw-r65-the-green-cafe-racer\/#respond\"]}]},{\"@type\":\"WebPage\",\"@id\":\"https:\/\/www.caferacerworld.com\/es\/bmw-r65-the-green-cafe-racer\/\",\"url\":\"https:\/\/www.caferacerworld.com\/es\/bmw-r65-the-green-cafe-racer\/\",\"name\":\"BMW R65, la cafe racer verde - Cafe Racer World\",\"isPartOf\":{\"@id\":\"https:\/\/www.caferacerworld.com\/es\/#website\"},\"primaryImageOfPage\":{\"@id\":\"https:\/\/www.caferacerworld.com\/es\/bmw-r65-the-green-cafe-racer\/#primaryimage\"},\"image\":{\"@id\":\"https:\/\/www.caferacerworld.com\/es\/bmw-r65-the-green-cafe-racer\/#primaryimage\"},\"thumbnailUrl\":\"https:\/\/www.caferacerworld.com\/wp-content\/uploads\/2019\/10\/lord-drake-kustoms-bmw-cafe-racer-4-1024x683.jpg\",\"datePublished\":\"2019-10-22T14:16:04+00:00\",\"dateModified\":\"2025-09-02T08:23:02+00:00\",\"description\":\"Esta Cafe Racer BMW verde fue construida por Fran Manen, propietario de Lord Drake Kustoms, y est\u00e1 basada en una BMW R65 para un cliente de Granada.\",\"breadcrumb\":{\"@id\":\"https:\/\/www.caferacerworld.com\/es\/bmw-r65-the-green-cafe-racer\/#breadcrumb\"},\"inLanguage\":\"es\",\"potentialAction\":[{\"@type\":\"ReadAction\",\"target\":[\"https:\/\/www.caferacerworld.com\/es\/bmw-r65-the-green-cafe-racer\/\"]}]},{\"@type\":\"ImageObject\",\"inLanguage\":\"es\",\"@id\":\"https:\/\/www.caferacerworld.com\/es\/bmw-r65-the-green-cafe-racer\/#primaryimage\",\"url\":\"https:\/\/www.caferacerworld.com\/wp-content\/uploads\/2019\/10\/lord-drake-kustoms-bmw-cafe-racer-4-1024x683.jpg\",\"contentUrl\":\"https:\/\/www.caferacerworld.com\/wp-content\/uploads\/2019\/10\/lord-drake-kustoms-bmw-cafe-racer-4-1024x683.jpg\",\"width\":1024,\"height\":683,\"caption\":\"BMW R65 Cafe Racer Green\"},{\"@type\":\"BreadcrumbList\",\"@id\":\"https:\/\/www.caferacerworld.com\/es\/bmw-r65-the-green-cafe-racer\/#breadcrumb\",\"itemListElement\":[{\"@type\":\"ListItem\",\"position\":1,\"name\":\"Portada\",\"item\":\"https:\/\/www.caferacerworld.com\/es\/\"},{\"@type\":\"ListItem\",\"position\":2,\"name\":\"BMW R65, la cafe racer verde\"}]},{\"@type\":\"WebSite\",\"@id\":\"https:\/\/www.caferacerworld.com\/es\/#website\",\"url\":\"https:\/\/www.caferacerworld.com\/es\/\",\"name\":\"Cafe Racer World\",\"description\":\"\",\"publisher\":{\"@id\":\"https:\/\/www.caferacerworld.com\/es\/#organization\"},\"potentialAction\":[{\"@type\":\"SearchAction\",\"target\":{\"@type\":\"EntryPoint\",\"urlTemplate\":\"https:\/\/www.caferacerworld.com\/es\/?s={search_term_string}\"},\"query-input\":{\"@type\":\"PropertyValueSpecification\",\"valueRequired\":true,\"valueName\":\"search_term_string\"}}],\"inLanguage\":\"es\"},{\"@type\":\"Organization\",\"@id\":\"https:\/\/www.caferacerworld.com\/es\/#organization\",\"name\":\"Cafe Racer World\",\"url\":\"https:\/\/www.caferacerworld.com\/es\/\",\"logo\":{\"@type\":\"ImageObject\",\"inLanguage\":\"es\",\"@id\":\"https:\/\/www.caferacerworld.com\/es\/#\/schema\/logo\/image\/\",\"url\":\"https:\/\/www.caferacerworld.com\/wp-content\/uploads\/2019\/10\/logo-crw-4-1.png\",\"contentUrl\":\"https:\/\/www.caferacerworld.com\/wp-content\/uploads\/2019\/10\/logo-crw-4-1.png\",\"width\":540,\"height\":160,\"caption\":\"Cafe Racer World\"},\"image\":{\"@id\":\"https:\/\/www.caferacerworld.com\/es\/#\/schema\/logo\/image\/\"},\"sameAs\":[\"https:\/\/www.facebook.com\/profile.php?id=61579424306050\",\"https:\/\/www.instagram.com\/caferacerworld_oficial\/\"]},{\"@type\":\"Person\",\"@id\":\"https:\/\/www.caferacerworld.com\/es\/#\/schema\/person\/f53266c5722a1bfe7280939b3daf386d\",\"name\":\"caferacer\",\"image\":{\"@type\":\"ImageObject\",\"inLanguage\":\"es\",\"@id\":\"https:\/\/www.caferacerworld.com\/es\/#\/schema\/person\/image\/\",\"url\":\"https:\/\/secure.gravatar.com\/avatar\/8d6dcab9ee12841d4b3c71b7639455bb04683d31fd41ad66ec3164209d3e2a0b?s=96&d=mm&r=g\",\"contentUrl\":\"https:\/\/secure.gravatar.com\/avatar\/8d6dcab9ee12841d4b3c71b7639455bb04683d31fd41ad66ec3164209d3e2a0b?s=96&d=mm&r=g\",\"caption\":\"caferacer\"}}]}<\/script>\n<!-- \/ Yoast SEO plugin. -->","yoast_head_json":{"title":"BMW R65, la cafe racer verde - Cafe Racer World","description":"Esta Cafe Racer BMW verde fue construida por Fran Manen, propietario de Lord Drake Kustoms, y est\u00e1 basada en una BMW R65 para un cliente de Granada.","robots":{"index":"index","follow":"follow","max-snippet":"max-snippet:-1","max-image-preview":"max-image-preview:large","max-video-preview":"max-video-preview:-1"},"canonical":"https:\/\/www.caferacerworld.com\/es\/bmw-r65-the-green-cafe-racer\/","og_locale":"es_ES","og_type":"article","og_title":"BMW R65, la cafe racer verde - Cafe Racer World","og_description":"Esta Cafe Racer BMW verde fue construida por Fran Manen, propietario de Lord Drake Kustoms, y est\u00e1 basada en una BMW R65 para un cliente de Granada.","og_url":"https:\/\/www.caferacerworld.com\/es\/bmw-r65-the-green-cafe-racer\/","og_site_name":"Cafe Racer World","article_publisher":"https:\/\/www.facebook.com\/profile.php?id=61579424306050","article_published_time":"2019-10-22T14:16:04+00:00","article_modified_time":"2025-09-02T08:23:02+00:00","og_image":[{"width":1024,"height":683,"url":"https:\/\/www.caferacerworld.com\/wp-content\/uploads\/2019\/10\/lord-drake-kustoms-bmw-cafe-racer-4-1024x683.jpg","type":"image\/jpeg"}],"author":"caferacer","twitter_card":"summary_large_image","twitter_misc":{"Escrito por":"caferacer","Tiempo de lectura":"5 minutos"},"schema":{"@context":"https:\/\/schema.org","@graph":[{"@type":"Article","@id":"https:\/\/www.caferacerworld.com\/es\/bmw-r65-the-green-cafe-racer\/#article","isPartOf":{"@id":"https:\/\/www.caferacerworld.com\/es\/bmw-r65-the-green-cafe-racer\/"},"author":{"name":"caferacer","@id":"https:\/\/www.caferacerworld.com\/es\/#\/schema\/person\/f53266c5722a1bfe7280939b3daf386d"},"headline":"BMW R65, la cafe racer verde","datePublished":"2019-10-22T14:16:04+00:00","dateModified":"2025-09-02T08:23:02+00:00","mainEntityOfPage":{"@id":"https:\/\/www.caferacerworld.com\/es\/bmw-r65-the-green-cafe-racer\/"},"wordCount":492,"commentCount":0,"publisher":{"@id":"https:\/\/www.caferacerworld.com\/es\/#organization"},"image":{"@id":"https:\/\/www.caferacerworld.com\/es\/bmw-r65-the-green-cafe-racer\/#primaryimage"},"thumbnailUrl":"https:\/\/www.caferacerworld.com\/wp-content\/uploads\/2019\/10\/lord-drake-kustoms-bmw-cafe-racer-4-1024x683.jpg","articleSection":["BMW","Cafe Racer","Motos"],"inLanguage":"es","potentialAction":[{"@type":"CommentAction","name":"Comment","target":["https:\/\/www.caferacerworld.com\/es\/bmw-r65-the-green-cafe-racer\/#respond"]}]},{"@type":"WebPage","@id":"https:\/\/www.caferacerworld.com\/es\/bmw-r65-the-green-cafe-racer\/","url":"https:\/\/www.caferacerworld.com\/es\/bmw-r65-the-green-cafe-racer\/","name":"BMW R65, la cafe racer verde - Cafe Racer World","isPartOf":{"@id":"https:\/\/www.caferacerworld.com\/es\/#website"},"primaryImageOfPage":{"@id":"https:\/\/www.caferacerworld.com\/es\/bmw-r65-the-green-cafe-racer\/#primaryimage"},"image":{"@id":"https:\/\/www.caferacerworld.com\/es\/bmw-r65-the-green-cafe-racer\/#primaryimage"},"thumbnailUrl":"https:\/\/www.caferacerworld.com\/wp-content\/uploads\/2019\/10\/lord-drake-kustoms-bmw-cafe-racer-4-1024x683.jpg","datePublished":"2019-10-22T14:16:04+00:00","dateModified":"2025-09-02T08:23:02+00:00","description":"Esta Cafe Racer BMW verde fue construida por Fran Manen, propietario de Lord Drake Kustoms, y est\u00e1 basada en una BMW R65 para un cliente de Granada.","breadcrumb":{"@id":"https:\/\/www.caferacerworld.com\/es\/bmw-r65-the-green-cafe-racer\/#breadcrumb"},"inLanguage":"es","potentialAction":[{"@type":"ReadAction","target":["https:\/\/www.caferacerworld.com\/es\/bmw-r65-the-green-cafe-racer\/"]}]},{"@type":"ImageObject","inLanguage":"es","@id":"https:\/\/www.caferacerworld.com\/es\/bmw-r65-the-green-cafe-racer\/#primaryimage","url":"https:\/\/www.caferacerworld.com\/wp-content\/uploads\/2019\/10\/lord-drake-kustoms-bmw-cafe-racer-4-1024x683.jpg","contentUrl":"https:\/\/www.caferacerworld.com\/wp-content\/uploads\/2019\/10\/lord-drake-kustoms-bmw-cafe-racer-4-1024x683.jpg","width":1024,"height":683,"caption":"BMW R65 Cafe Racer Green"},{"@type":"BreadcrumbList","@id":"https:\/\/www.caferacerworld.com\/es\/bmw-r65-the-green-cafe-racer\/#breadcrumb","itemListElement":[{"@type":"ListItem","position":1,"name":"Portada","item":"https:\/\/www.caferacerworld.com\/es\/"},{"@type":"ListItem","position":2,"name":"BMW R65, la cafe racer verde"}]},{"@type":"WebSite","@id":"https:\/\/www.caferacerworld.com\/es\/#website","url":"https:\/\/www.caferacerworld.com\/es\/","name":"Cafe Racer World","description":"","publisher":{"@id":"https:\/\/www.caferacerworld.com\/es\/#organization"},"potentialAction":[{"@type":"SearchAction","target":{"@type":"EntryPoint","urlTemplate":"https:\/\/www.caferacerworld.com\/es\/?s={search_term_string}"},"query-input":{"@type":"PropertyValueSpecification","valueRequired":true,"valueName":"search_term_string"}}],"inLanguage":"es"},{"@type":"Organization","@id":"https:\/\/www.caferacerworld.com\/es\/#organization","name":"Cafe Racer World","url":"https:\/\/www.caferacerworld.com\/es\/","logo":{"@type":"ImageObject","inLanguage":"es","@id":"https:\/\/www.caferacerworld.com\/es\/#\/schema\/logo\/image\/","url":"https:\/\/www.caferacerworld.com\/wp-content\/uploads\/2019\/10\/logo-crw-4-1.png","contentUrl":"https:\/\/www.caferacerworld.com\/wp-content\/uploads\/2019\/10\/logo-crw-4-1.png","width":540,"height":160,"caption":"Cafe Racer World"},"image":{"@id":"https:\/\/www.caferacerworld.com\/es\/#\/schema\/logo\/image\/"},"sameAs":["https:\/\/www.facebook.com\/profile.php?id=61579424306050","https:\/\/www.instagram.com\/caferacerworld_oficial\/"]},{"@type":"Person","@id":"https:\/\/www.caferacerworld.com\/es\/#\/schema\/person\/f53266c5722a1bfe7280939b3daf386d","name":"caferacer","image":{"@type":"ImageObject","inLanguage":"es","@id":"https:\/\/www.caferacerworld.com\/es\/#\/schema\/person\/image\/","url":"https:\/\/secure.gravatar.com\/avatar\/8d6dcab9ee12841d4b3c71b7639455bb04683d31fd41ad66ec3164209d3e2a0b?s=96&d=mm&r=g","contentUrl":"https:\/\/secure.gravatar.com\/avatar\/8d6dcab9ee12841d4b3c71b7639455bb04683d31fd41ad66ec3164209d3e2a0b?s=96&d=mm&r=g","caption":"caferacer"}}]}},"featured_image_src":"https:\/\/www.caferacerworld.com\/wp-content\/uploads\/2019\/10\/lord-drake-kustoms-bmw-cafe-racer-4-1024x683-600x400.jpg","featured_image_src_square":"https:\/\/www.caferacerworld.com\/wp-content\/uploads\/2019\/10\/lord-drake-kustoms-bmw-cafe-racer-4-1024x683-600x600.jpg","author_info":{"display_name":"caferacer","author_link":"https:\/\/www.caferacerworld.com\/es\/author\/caferacer\/"},"_links":{"self":[{"href":"https:\/\/www.caferacerworld.com\/es\/wp-json\/wp\/v2\/posts\/314","targetHints":{"allow":["GET"]}}],"collection":[{"href":"https:\/\/www.caferacerworld.com\/es\/wp-json\/wp\/v2\/posts"}],"about":[{"href":"https:\/\/www.caferacerworld.com\/es\/wp-json\/wp\/v2\/types\/post"}],"author":[{"embeddable":true,"href":"https:\/\/www.caferacerworld.com\/es\/wp-json\/wp\/v2\/users\/1"}],"replies":[{"embeddable":true,"href":"https:\/\/www.caferacerworld.com\/es\/wp-json\/wp\/v2\/comments?post=314"}],"version-history":[{"count":4,"href":"https:\/\/www.caferacerworld.com\/es\/wp-json\/wp\/v2\/posts\/314\/revisions"}],"predecessor-version":[{"id":1884,"href":"https:\/\/www.caferacerworld.com\/es\/wp-json\/wp\/v2\/posts\/314\/revisions\/1884"}],"wp:featuredmedia":[{"embeddable":true,"href":"https:\/\/www.caferacerworld.com\/es\/wp-json\/wp\/v2\/media\/327"}],"wp:attachment":[{"href":"https:\/\/www.caferacerworld.com\/es\/wp-json\/wp\/v2\/media?parent=314"}],"wp:term":[{"taxonomy":"category","embeddable":true,"href":"https:\/\/www.caferacerworld.com\/es\/wp-json\/wp\/v2\/categories?post=314"},{"taxonomy":"post_tag","embeddable":true,"href":"https:\/\/www.caferacerworld.com\/es\/wp-json\/wp\/v2\/tags?post=314"}],"curies":[{"name":"wp","href":"https:\/\/api.w.org\/{rel}","templated":true}]}}