{"id":3363,"date":"2025-12-02T17:28:39","date_gmt":"2025-12-02T16:28:39","guid":{"rendered":"https:\/\/www.caferacerworld.com\/?p=3363"},"modified":"2025-12-13T16:46:41","modified_gmt":"2025-12-13T15:46:41","slug":"bmw-r-nine-t-de-ldk-neoracer-tributo-a-gulf-racing","status":"publish","type":"post","link":"https:\/\/www.caferacerworld.com\/es\/bmw-r-nine-t-de-ldk-neoracer-tributo-a-gulf-racing\/","title":{"rendered":"BMW R NINE T de LDK \u2013 Neoracer Tributo a Gulf Racing"},"content":{"rendered":"\n<h2 class=\"wp-block-heading\">Tributo de carreras cl\u00e1sicas sobre dos ruedas<\/h2>\n\n\n\n<p><strong>Lord Drake Kustoms<\/strong> ha creado una<em> BMW R NINE T \u201cGulf\u201d<\/em> que combina la nostalgia del motorsport cl\u00e1sico con una ejecuci\u00f3n custom moderna y afilada. Tomando como base la vers\u00e1til roadster de BMW, el taller la convierte en un homenaje rodante a los legendarios colores de <strong>Gulf Racing<\/strong> y a las batallas de resistencia en circuitos como <em>Le Mans.<\/em><\/p>\n\n\n\n<p><\/p>\n\n\n\n<figure class=\"wp-block-image alignwide size-large\"><img loading=\"lazy\" decoding=\"async\" width=\"1024\" height=\"683\" src=\"https:\/\/www.caferacerworld.com\/wp-content\/uploads\/2025\/12\/BMW-NINE-T-GULF-8-1024x683.jpg\" alt=\"\" class=\"wp-image-3346\" srcset=\"https:\/\/www.caferacerworld.com\/wp-content\/uploads\/2025\/12\/BMW-NINE-T-GULF-8-1024x683.jpg 1024w, https:\/\/www.caferacerworld.com\/wp-content\/uploads\/2025\/12\/BMW-NINE-T-GULF-8-300x200.jpg 300w, https:\/\/www.caferacerworld.com\/wp-content\/uploads\/2025\/12\/BMW-NINE-T-GULF-8-768x512.jpg 768w, https:\/\/www.caferacerworld.com\/wp-content\/uploads\/2025\/12\/BMW-NINE-T-GULF-8-1536x1024.jpg 1536w, https:\/\/www.caferacerworld.com\/wp-content\/uploads\/2025\/12\/BMW-NINE-T-GULF-8-2048x1365.jpg 2048w, https:\/\/www.caferacerworld.com\/wp-content\/uploads\/2025\/12\/BMW-NINE-T-GULF-8-600x400.jpg 600w, https:\/\/www.caferacerworld.com\/wp-content\/uploads\/2025\/12\/BMW-NINE-T-GULF-8-1320x880.jpg 1320w\" sizes=\"auto, (max-width: 1024px) 100vw, 1024px\" \/><\/figure>\n\n\n\n<h2 class=\"wp-block-heading\">Alma caf\u00e9 racer con actitud de competici\u00f3n<\/h2>\n\n\n\n<p>La BMW R NINE T custom mantiene el coraz\u00f3n b\u00f3xer original, pero se reinventa visual y ergon\u00f3micamente para el universo caf\u00e9 racer. Una silueta minimalista, una postura de conducci\u00f3n m\u00e1s radical con semimanillares y una zaga aligerada le dan a la moto una presencia m\u00e1s agresiva y una sensaci\u00f3n de conducci\u00f3n claramente inspirada en la competici\u00f3n.<a href=\"https:\/\/www.lorddrakekustoms.com\/es\/bmw-r-nine-t-gulf\/\" target=\"_blank\" rel=\"noreferrer noopener\"><\/a>\u200b<\/p>\n\n\n\n<p><\/p>\n\n\n\n<figure class=\"wp-block-image size-large\"><img loading=\"lazy\" decoding=\"async\" width=\"1024\" height=\"677\" src=\"https:\/\/www.caferacerworld.com\/wp-content\/uploads\/2025\/12\/BMW-NINE-T-GULF-2-1024x677.jpg\" alt=\"\" class=\"wp-image-3348\" srcset=\"https:\/\/www.caferacerworld.com\/wp-content\/uploads\/2025\/12\/BMW-NINE-T-GULF-2-1024x677.jpg 1024w, https:\/\/www.caferacerworld.com\/wp-content\/uploads\/2025\/12\/BMW-NINE-T-GULF-2-300x198.jpg 300w, https:\/\/www.caferacerworld.com\/wp-content\/uploads\/2025\/12\/BMW-NINE-T-GULF-2-768x508.jpg 768w, https:\/\/www.caferacerworld.com\/wp-content\/uploads\/2025\/12\/BMW-NINE-T-GULF-2-1536x1016.jpg 1536w, https:\/\/www.caferacerworld.com\/wp-content\/uploads\/2025\/12\/BMW-NINE-T-GULF-2-2048x1354.jpg 2048w, https:\/\/www.caferacerworld.com\/wp-content\/uploads\/2025\/12\/BMW-NINE-T-GULF-2-1320x873.jpg 1320w\" sizes=\"auto, (max-width: 1024px) 100vw, 1024px\" \/><\/figure>\n\n\n\n<h2 class=\"wp-block-heading\">Modificaciones de principio a fin<\/h2>\n\n\n\n<p>Cada cambio en la <strong>NINE T \u201cGulf\u201d<\/strong> ha sido elegido para afinar tanto el rendimiento como la presencia. El subchasis trasero ha sido recortado y rematado con una cola m\u00e1s deportiva, coronada por un asiento monoplaza artesanal en color camel con cosido en rombos que mezcla <strong>comodidad y exclusividad<\/strong>. Los guardabarros de fibra de carbono, tanto delante como detr\u00e1s, junto con una toma de aire tambi\u00e9n en carbono, aportan un toque t\u00e9cnico y moderno a las l\u00edneas cl\u00e1sicas.<a href=\"https:\/\/www.lorddrakekustoms.com\/bmw-r-nine-t-gulf\/\" target=\"_blank\" rel=\"noreferrer noopener\"><\/a>\u200b<\/p>\n\n\n\n<p><\/p>\n\n\n\n<figure class=\"wp-block-image size-large\"><img loading=\"lazy\" decoding=\"async\" width=\"1024\" height=\"683\" src=\"https:\/\/www.caferacerworld.com\/wp-content\/uploads\/2025\/12\/BMW-NINE-T-GULF-4-1024x683.jpg\" alt=\"\" class=\"wp-image-3354\" srcset=\"https:\/\/www.caferacerworld.com\/wp-content\/uploads\/2025\/12\/BMW-NINE-T-GULF-4-1024x683.jpg 1024w, https:\/\/www.caferacerworld.com\/wp-content\/uploads\/2025\/12\/BMW-NINE-T-GULF-4-300x200.jpg 300w, https:\/\/www.caferacerworld.com\/wp-content\/uploads\/2025\/12\/BMW-NINE-T-GULF-4-768x512.jpg 768w, https:\/\/www.caferacerworld.com\/wp-content\/uploads\/2025\/12\/BMW-NINE-T-GULF-4-1536x1024.jpg 1536w, https:\/\/www.caferacerworld.com\/wp-content\/uploads\/2025\/12\/BMW-NINE-T-GULF-4-2048x1365.jpg 2048w, https:\/\/www.caferacerworld.com\/wp-content\/uploads\/2025\/12\/BMW-NINE-T-GULF-4-600x400.jpg 600w, https:\/\/www.caferacerworld.com\/wp-content\/uploads\/2025\/12\/BMW-NINE-T-GULF-4-1320x880.jpg 1320w\" sizes=\"auto, (max-width: 1024px) 100vw, 1024px\" \/><\/figure>\n\n\n\n<p><\/p>\n\n\n\n<h2 class=\"wp-block-heading\">Tecnolog\u00eda moderna y detalles limpios<\/h2>\n\n\n\n<p>La iluminaci\u00f3n y los mandos reciben una mejora que equilibra discreci\u00f3n y funcionalidad de alta gama. Un escape artesanal aporta al b\u00f3xer un sonido profundo, mientras que un portamatr\u00edculas lateral montado en el basculante deja la rueda trasera visualmente despejada. En la zaga, los compactos pilotos e intermitentes LED 3-en-1 mantienen la cola limpia, y en el frontal, los intermitentes Motogadget Disc Blaze integrados en los pu\u00f1os destacan como la soluci\u00f3n de se\u00f1alizaci\u00f3n m\u00e1s sofisticada.<\/p>\n\n\n\n<p><a href=\"https:\/\/www.lorddrakekustoms.com\/es\/bmw-r-nine-t-gulf\/\" target=\"_blank\" rel=\"noreferrer noopener\"><\/a>\u200b<\/p>\n\n\n\n<h2 class=\"wp-block-heading\">Mandos con precisi\u00f3n digital<\/h2>\n\n\n\n<p>El cockpit reemplaza la tecnolog\u00eda original por un veloc\u00edmetro digital compacto Koso, que aporta una lectura moderna y precisa a una moto de est\u00e9tica cl\u00e1sica. Un faro LED ahumado domina la vista frontal, combinando mejor iluminaci\u00f3n con un aspecto m\u00e1s oscuro y agresivo que encaja perfectamente con la tem\u00e1tica inspirada en la competici\u00f3n. Piezas adicionales como reposapi\u00e9s, pu\u00f1os, retrovisores, una rejilla para el radiador y un spoiler inferior alrededor del motor completan la preparaci\u00f3n con componentes funcionales y hechos a medida.<a href=\"https:\/\/www.lorddrakekustoms.com\/bmw-r-nine-t-gulf\/\" target=\"_blank\" rel=\"noreferrer noopener\"><\/a>\u200b<\/p>\n\n\n\n<figure class=\"wp-block-gallery has-nested-images columns-default is-cropped wp-block-gallery-1 is-layout-flex wp-block-gallery-is-layout-flex\">\n<figure class=\"wp-block-image size-large\"><img loading=\"lazy\" decoding=\"async\" width=\"980\" height=\"551\" data-id=\"3358\" src=\"https:\/\/www.caferacerworld.com\/wp-content\/uploads\/2025\/12\/image-24.png\" alt=\"\" class=\"wp-image-3358\" srcset=\"https:\/\/www.caferacerworld.com\/wp-content\/uploads\/2025\/12\/image-24.png 980w, https:\/\/www.caferacerworld.com\/wp-content\/uploads\/2025\/12\/image-24-300x169.png 300w, https:\/\/www.caferacerworld.com\/wp-content\/uploads\/2025\/12\/image-24-768x432.png 768w\" sizes=\"auto, (max-width: 980px) 100vw, 980px\" \/><\/figure>\n\n\n\n<figure class=\"wp-block-image size-large\"><img loading=\"lazy\" decoding=\"async\" width=\"1024\" height=\"576\" data-id=\"3356\" src=\"https:\/\/www.caferacerworld.com\/wp-content\/uploads\/2025\/12\/image-23-1024x576.png\" alt=\"\" class=\"wp-image-3356\" srcset=\"https:\/\/www.caferacerworld.com\/wp-content\/uploads\/2025\/12\/image-23-1024x576.png 1024w, https:\/\/www.caferacerworld.com\/wp-content\/uploads\/2025\/12\/image-23-300x169.png 300w, https:\/\/www.caferacerworld.com\/wp-content\/uploads\/2025\/12\/image-23-768x432.png 768w, https:\/\/www.caferacerworld.com\/wp-content\/uploads\/2025\/12\/image-23-1536x863.png 1536w, https:\/\/www.caferacerworld.com\/wp-content\/uploads\/2025\/12\/image-23-1320x742.png 1320w, https:\/\/www.caferacerworld.com\/wp-content\/uploads\/2025\/12\/image-23.png 2046w\" sizes=\"auto, (max-width: 1024px) 100vw, 1024px\" \/><\/figure>\n<\/figure>\n\n\n\n<h2 class=\"wp-block-heading\">Colores Gulf Racing como sello distintivo<\/h2>\n\n\n\n<p>Lo que realmente distingue a esta <strong>BMW<\/strong> es su pintura, una combinaci\u00f3n de azul claro y naranja que hace referencia al hist\u00f3rico dise\u00f1o de Gulf Racing. La paleta elegida evoca velocidad, elegancia y pura competici\u00f3n, y el acabado brillante junto con los detalles pintados a mano convierten a la <strong>R NINE T \u201cGulf\u201d<\/strong> en una pieza de arte.<\/p>\n\n\n\n<p><a href=\"https:\/\/www.sccprivatemembers.com\/all\/gulf-oil-livery\/\" target=\"_blank\" rel=\"noreferrer noopener\"><\/a>\u200b<\/p>\n\n\n\n<figure class=\"wp-block-gallery has-nested-images columns-default is-cropped wp-block-gallery-2 is-layout-flex wp-block-gallery-is-layout-flex\">\n<figure class=\"wp-block-image size-large\"><img loading=\"lazy\" decoding=\"async\" width=\"1024\" height=\"683\" data-id=\"3350\" src=\"https:\/\/www.caferacerworld.com\/wp-content\/uploads\/2025\/12\/BMW-NINE-T-GULF-11-1024x683.jpg\" alt=\"\" class=\"wp-image-3350\" srcset=\"https:\/\/www.caferacerworld.com\/wp-content\/uploads\/2025\/12\/BMW-NINE-T-GULF-11-1024x683.jpg 1024w, https:\/\/www.caferacerworld.com\/wp-content\/uploads\/2025\/12\/BMW-NINE-T-GULF-11-300x200.jpg 300w, https:\/\/www.caferacerworld.com\/wp-content\/uploads\/2025\/12\/BMW-NINE-T-GULF-11-768x512.jpg 768w, https:\/\/www.caferacerworld.com\/wp-content\/uploads\/2025\/12\/BMW-NINE-T-GULF-11-1536x1024.jpg 1536w, https:\/\/www.caferacerworld.com\/wp-content\/uploads\/2025\/12\/BMW-NINE-T-GULF-11-2048x1365.jpg 2048w, https:\/\/www.caferacerworld.com\/wp-content\/uploads\/2025\/12\/BMW-NINE-T-GULF-11-600x400.jpg 600w, https:\/\/www.caferacerworld.com\/wp-content\/uploads\/2025\/12\/BMW-NINE-T-GULF-11-1320x880.jpg 1320w\" sizes=\"auto, (max-width: 1024px) 100vw, 1024px\" \/><\/figure>\n\n\n\n<figure class=\"wp-block-image size-large\"><img loading=\"lazy\" decoding=\"async\" width=\"1024\" height=\"683\" data-id=\"3352\" src=\"https:\/\/www.caferacerworld.com\/wp-content\/uploads\/2025\/12\/BMW-NINE-T-GULF-10-1024x683.jpg\" alt=\"\" class=\"wp-image-3352\" srcset=\"https:\/\/www.caferacerworld.com\/wp-content\/uploads\/2025\/12\/BMW-NINE-T-GULF-10-1024x683.jpg 1024w, https:\/\/www.caferacerworld.com\/wp-content\/uploads\/2025\/12\/BMW-NINE-T-GULF-10-300x200.jpg 300w, https:\/\/www.caferacerworld.com\/wp-content\/uploads\/2025\/12\/BMW-NINE-T-GULF-10-768x512.jpg 768w, https:\/\/www.caferacerworld.com\/wp-content\/uploads\/2025\/12\/BMW-NINE-T-GULF-10-1536x1024.jpg 1536w, https:\/\/www.caferacerworld.com\/wp-content\/uploads\/2025\/12\/BMW-NINE-T-GULF-10-2048x1365.jpg 2048w, https:\/\/www.caferacerworld.com\/wp-content\/uploads\/2025\/12\/BMW-NINE-T-GULF-10-600x400.jpg 600w, https:\/\/www.caferacerworld.com\/wp-content\/uploads\/2025\/12\/BMW-NINE-T-GULF-10-1320x880.jpg 1320w\" sizes=\"auto, (max-width: 1024px) 100vw, 1024px\" \/><\/figure>\n<\/figure>\n\n\n\n<h2 class=\"wp-block-heading\">An exclusive BMW R NINE T custom<\/h2>\n\n\n\n<p>The BMW R NINE T \u201cGulf\u201d by LDK is more than a customized motorcycle; it is a statement for riders who want distinction, performance and a strong racing aesthetic. Built in limited fashion and crafted by hand, it captures the essence of contemporary custom culture with clear classic influences. For those dreaming of a unique bike or planning to transform their own , Lord Drake Kustoms offers the workshop and vision to turn that idea into a one\u2011of\u2011a\u2011kind machine.<\/p>\n\n\n\n<figure class=\"wp-block-image size-large\"><img loading=\"lazy\" decoding=\"async\" width=\"1024\" height=\"683\" src=\"https:\/\/www.caferacerworld.com\/wp-content\/uploads\/2025\/12\/BMW-NINE-T-GULF-6-1024x683.jpg\" alt=\"\" class=\"wp-image-3360\" srcset=\"https:\/\/www.caferacerworld.com\/wp-content\/uploads\/2025\/12\/BMW-NINE-T-GULF-6-1024x683.jpg 1024w, https:\/\/www.caferacerworld.com\/wp-content\/uploads\/2025\/12\/BMW-NINE-T-GULF-6-300x200.jpg 300w, https:\/\/www.caferacerworld.com\/wp-content\/uploads\/2025\/12\/BMW-NINE-T-GULF-6-768x512.jpg 768w, https:\/\/www.caferacerworld.com\/wp-content\/uploads\/2025\/12\/BMW-NINE-T-GULF-6-1536x1024.jpg 1536w, https:\/\/www.caferacerworld.com\/wp-content\/uploads\/2025\/12\/BMW-NINE-T-GULF-6-2048x1365.jpg 2048w, https:\/\/www.caferacerworld.com\/wp-content\/uploads\/2025\/12\/BMW-NINE-T-GULF-6-600x400.jpg 600w, https:\/\/www.caferacerworld.com\/wp-content\/uploads\/2025\/12\/BMW-NINE-T-GULF-6-1320x880.jpg 1320w\" sizes=\"auto, (max-width: 1024px) 100vw, 1024px\" \/><\/figure>\n\n\n\n<p><\/p>\n\n\n\n<p>\ud83d\udd17<a href=\"https:\/\/www.lorddrakekustoms.com\/es\/\" target=\"_blank\" rel=\"noreferrer noopener\">Lord Drake Kustoms<\/a>&nbsp;<strong>|&nbsp;<\/strong><a href=\"https:\/\/www.instagram.com\/lorddrakekustoms\/\" target=\"_blank\" rel=\"noreferrer noopener\">@lorddrakekustoms<\/a><\/p>\n\n\n\n<p><\/p>\n","protected":false},"excerpt":{"rendered":"<p>Tributo de carreras cl\u00e1sicas sobre dos ruedas Lord Drake Kustoms ha creado una BMW R NINE T \u201cGulf\u201d<\/p>\n","protected":false},"author":2,"featured_media":0,"comment_status":"open","ping_status":"open","sticky":false,"template":"","format":"standard","meta":{"footnotes":""},"categories":[10,5,45,47],"tags":[],"class_list":["post-3363","post","type-post","status-publish","format-standard","hentry","category-bmw","category-cafe-racer","category-motos","category-neoracer"],"yoast_head":"<!-- This site is optimized with the Yoast SEO plugin v25.4 - https:\/\/yoast.com\/wordpress\/plugins\/seo\/ -->\n<title>BMW R NINE T de LDK \u2013 Neoracer Tributo a Gulf Racing - Cafe Racer World<\/title>\n<meta name=\"description\" content=\"Descubre la BMW R Nine T \u201cGulf\u201d de Lord Drake Kustoms: una caf\u00e9 racer artesanal, la decoraci\u00f3n celeste y naranja de Gulf Racing llevada a dos ruedas.\" \/>\n<meta name=\"robots\" content=\"index, follow, max-snippet:-1, max-image-preview:large, max-video-preview:-1\" \/>\n<link rel=\"canonical\" href=\"https:\/\/www.caferacerworld.com\/es\/bmw-r-nine-t-de-ldk-neoracer-tributo-a-gulf-racing\/\" \/>\n<meta property=\"og:locale\" content=\"es_ES\" \/>\n<meta property=\"og:type\" content=\"article\" \/>\n<meta property=\"og:title\" content=\"BMW R NINE T de LDK \u2013 Neoracer Tributo a Gulf Racing - Cafe Racer World\" \/>\n<meta property=\"og:description\" content=\"Descubre la BMW R Nine T \u201cGulf\u201d de Lord Drake Kustoms: una caf\u00e9 racer artesanal, la decoraci\u00f3n celeste y naranja de Gulf Racing llevada a dos ruedas.\" \/>\n<meta property=\"og:url\" content=\"https:\/\/www.caferacerworld.com\/es\/bmw-r-nine-t-de-ldk-neoracer-tributo-a-gulf-racing\/\" \/>\n<meta property=\"og:site_name\" content=\"Cafe Racer World\" \/>\n<meta property=\"article:publisher\" content=\"https:\/\/www.facebook.com\/profile.php?id=61579424306050\" \/>\n<meta property=\"article:published_time\" content=\"2025-12-02T16:28:39+00:00\" \/>\n<meta property=\"article:modified_time\" content=\"2025-12-13T15:46:41+00:00\" \/>\n<meta property=\"og:image\" content=\"https:\/\/www.caferacerworld.com\/wp-content\/uploads\/2025\/12\/BMW-NINE-T-GULF-8-scaled.jpg\" \/>\n\t<meta property=\"og:image:width\" content=\"2560\" \/>\n\t<meta property=\"og:image:height\" content=\"1707\" \/>\n\t<meta property=\"og:image:type\" content=\"image\/jpeg\" \/>\n<meta name=\"author\" content=\"\u00c1lvaro Man\u00e9n\" \/>\n<meta name=\"twitter:card\" content=\"summary_large_image\" \/>\n<meta name=\"twitter:label1\" content=\"Escrito por\" \/>\n\t<meta name=\"twitter:data1\" content=\"\u00c1lvaro Man\u00e9n\" \/>\n\t<meta name=\"twitter:label2\" content=\"Tiempo de lectura\" \/>\n\t<meta name=\"twitter:data2\" content=\"5 minutos\" \/>\n<script type=\"application\/ld+json\" class=\"yoast-schema-graph\">{\"@context\":\"https:\/\/schema.org\",\"@graph\":[{\"@type\":\"Article\",\"@id\":\"https:\/\/www.caferacerworld.com\/es\/bmw-r-nine-t-de-ldk-neoracer-tributo-a-gulf-racing\/#article\",\"isPartOf\":{\"@id\":\"https:\/\/www.caferacerworld.com\/es\/bmw-r-nine-t-de-ldk-neoracer-tributo-a-gulf-racing\/\"},\"author\":{\"name\":\"\u00c1lvaro Man\u00e9n\",\"@id\":\"https:\/\/www.caferacerworld.com\/es\/#\/schema\/person\/3eb7b97b03902bb2d3cc827be571043e\"},\"headline\":\"BMW R NINE T de LDK \u2013 Neoracer Tributo a Gulf Racing\",\"datePublished\":\"2025-12-02T16:28:39+00:00\",\"dateModified\":\"2025-12-13T15:46:41+00:00\",\"mainEntityOfPage\":{\"@id\":\"https:\/\/www.caferacerworld.com\/es\/bmw-r-nine-t-de-ldk-neoracer-tributo-a-gulf-racing\/\"},\"wordCount\":592,\"commentCount\":0,\"publisher\":{\"@id\":\"https:\/\/www.caferacerworld.com\/es\/#organization\"},\"image\":{\"@id\":\"https:\/\/www.caferacerworld.com\/es\/bmw-r-nine-t-de-ldk-neoracer-tributo-a-gulf-racing\/#primaryimage\"},\"thumbnailUrl\":\"https:\/\/www.caferacerworld.com\/wp-content\/uploads\/2025\/12\/BMW-NINE-T-GULF-8-1024x683.jpg\",\"articleSection\":[\"BMW\",\"Cafe Racer\",\"Motos\",\"Neoracer\"],\"inLanguage\":\"es\",\"potentialAction\":[{\"@type\":\"CommentAction\",\"name\":\"Comment\",\"target\":[\"https:\/\/www.caferacerworld.com\/es\/bmw-r-nine-t-de-ldk-neoracer-tributo-a-gulf-racing\/#respond\"]}]},{\"@type\":\"WebPage\",\"@id\":\"https:\/\/www.caferacerworld.com\/es\/bmw-r-nine-t-de-ldk-neoracer-tributo-a-gulf-racing\/\",\"url\":\"https:\/\/www.caferacerworld.com\/es\/bmw-r-nine-t-de-ldk-neoracer-tributo-a-gulf-racing\/\",\"name\":\"BMW R NINE T de LDK \u2013 Neoracer Tributo a Gulf Racing - Cafe Racer World\",\"isPartOf\":{\"@id\":\"https:\/\/www.caferacerworld.com\/es\/#website\"},\"primaryImageOfPage\":{\"@id\":\"https:\/\/www.caferacerworld.com\/es\/bmw-r-nine-t-de-ldk-neoracer-tributo-a-gulf-racing\/#primaryimage\"},\"image\":{\"@id\":\"https:\/\/www.caferacerworld.com\/es\/bmw-r-nine-t-de-ldk-neoracer-tributo-a-gulf-racing\/#primaryimage\"},\"thumbnailUrl\":\"https:\/\/www.caferacerworld.com\/wp-content\/uploads\/2025\/12\/BMW-NINE-T-GULF-8-1024x683.jpg\",\"datePublished\":\"2025-12-02T16:28:39+00:00\",\"dateModified\":\"2025-12-13T15:46:41+00:00\",\"description\":\"Descubre la BMW R Nine T \u201cGulf\u201d de Lord Drake Kustoms: una caf\u00e9 racer artesanal, la decoraci\u00f3n celeste y naranja de Gulf Racing llevada a dos ruedas.\",\"breadcrumb\":{\"@id\":\"https:\/\/www.caferacerworld.com\/es\/bmw-r-nine-t-de-ldk-neoracer-tributo-a-gulf-racing\/#breadcrumb\"},\"inLanguage\":\"es\",\"potentialAction\":[{\"@type\":\"ReadAction\",\"target\":[\"https:\/\/www.caferacerworld.com\/es\/bmw-r-nine-t-de-ldk-neoracer-tributo-a-gulf-racing\/\"]}]},{\"@type\":\"ImageObject\",\"inLanguage\":\"es\",\"@id\":\"https:\/\/www.caferacerworld.com\/es\/bmw-r-nine-t-de-ldk-neoracer-tributo-a-gulf-racing\/#primaryimage\",\"url\":\"https:\/\/www.caferacerworld.com\/wp-content\/uploads\/2025\/12\/BMW-NINE-T-GULF-8-1024x683.jpg\",\"contentUrl\":\"https:\/\/www.caferacerworld.com\/wp-content\/uploads\/2025\/12\/BMW-NINE-T-GULF-8-1024x683.jpg\"},{\"@type\":\"BreadcrumbList\",\"@id\":\"https:\/\/www.caferacerworld.com\/es\/bmw-r-nine-t-de-ldk-neoracer-tributo-a-gulf-racing\/#breadcrumb\",\"itemListElement\":[{\"@type\":\"ListItem\",\"position\":1,\"name\":\"Portada\",\"item\":\"https:\/\/www.caferacerworld.com\/es\/\"},{\"@type\":\"ListItem\",\"position\":2,\"name\":\"BMW R NINE T de LDK \u2013 Neoracer Tributo a Gulf Racing\"}]},{\"@type\":\"WebSite\",\"@id\":\"https:\/\/www.caferacerworld.com\/es\/#website\",\"url\":\"https:\/\/www.caferacerworld.com\/es\/\",\"name\":\"Cafe Racer World\",\"description\":\"\",\"publisher\":{\"@id\":\"https:\/\/www.caferacerworld.com\/es\/#organization\"},\"potentialAction\":[{\"@type\":\"SearchAction\",\"target\":{\"@type\":\"EntryPoint\",\"urlTemplate\":\"https:\/\/www.caferacerworld.com\/es\/?s={search_term_string}\"},\"query-input\":{\"@type\":\"PropertyValueSpecification\",\"valueRequired\":true,\"valueName\":\"search_term_string\"}}],\"inLanguage\":\"es\"},{\"@type\":\"Organization\",\"@id\":\"https:\/\/www.caferacerworld.com\/es\/#organization\",\"name\":\"Cafe Racer World\",\"url\":\"https:\/\/www.caferacerworld.com\/es\/\",\"logo\":{\"@type\":\"ImageObject\",\"inLanguage\":\"es\",\"@id\":\"https:\/\/www.caferacerworld.com\/es\/#\/schema\/logo\/image\/\",\"url\":\"https:\/\/www.caferacerworld.com\/wp-content\/uploads\/2019\/10\/logo-crw-4-1.png\",\"contentUrl\":\"https:\/\/www.caferacerworld.com\/wp-content\/uploads\/2019\/10\/logo-crw-4-1.png\",\"width\":540,\"height\":160,\"caption\":\"Cafe Racer World\"},\"image\":{\"@id\":\"https:\/\/www.caferacerworld.com\/es\/#\/schema\/logo\/image\/\"},\"sameAs\":[\"https:\/\/www.facebook.com\/profile.php?id=61579424306050\",\"https:\/\/www.instagram.com\/caferacerworld_oficial\/\"]},{\"@type\":\"Person\",\"@id\":\"https:\/\/www.caferacerworld.com\/es\/#\/schema\/person\/3eb7b97b03902bb2d3cc827be571043e\",\"name\":\"\u00c1lvaro Man\u00e9n\",\"image\":{\"@type\":\"ImageObject\",\"inLanguage\":\"es\",\"@id\":\"https:\/\/www.caferacerworld.com\/es\/#\/schema\/person\/image\/\",\"url\":\"https:\/\/secure.gravatar.com\/avatar\/b145880ed8fe411472f0558fa8f66fdfca9948f7e92af5121d94d07fd43a67ea?s=96&d=mm&r=g\",\"contentUrl\":\"https:\/\/secure.gravatar.com\/avatar\/b145880ed8fe411472f0558fa8f66fdfca9948f7e92af5121d94d07fd43a67ea?s=96&d=mm&r=g\",\"caption\":\"\u00c1lvaro Man\u00e9n\"}}]}<\/script>\n<!-- \/ Yoast SEO plugin. -->","yoast_head_json":{"title":"BMW R NINE T de LDK \u2013 Neoracer Tributo a Gulf Racing - Cafe Racer World","description":"Descubre la BMW R Nine T \u201cGulf\u201d de Lord Drake Kustoms: una caf\u00e9 racer artesanal, la decoraci\u00f3n celeste y naranja de Gulf Racing llevada a dos ruedas.","robots":{"index":"index","follow":"follow","max-snippet":"max-snippet:-1","max-image-preview":"max-image-preview:large","max-video-preview":"max-video-preview:-1"},"canonical":"https:\/\/www.caferacerworld.com\/es\/bmw-r-nine-t-de-ldk-neoracer-tributo-a-gulf-racing\/","og_locale":"es_ES","og_type":"article","og_title":"BMW R NINE T de LDK \u2013 Neoracer Tributo a Gulf Racing - Cafe Racer World","og_description":"Descubre la BMW R Nine T \u201cGulf\u201d de Lord Drake Kustoms: una caf\u00e9 racer artesanal, la decoraci\u00f3n celeste y naranja de Gulf Racing llevada a dos ruedas.","og_url":"https:\/\/www.caferacerworld.com\/es\/bmw-r-nine-t-de-ldk-neoracer-tributo-a-gulf-racing\/","og_site_name":"Cafe Racer World","article_publisher":"https:\/\/www.facebook.com\/profile.php?id=61579424306050","article_published_time":"2025-12-02T16:28:39+00:00","article_modified_time":"2025-12-13T15:46:41+00:00","og_image":[{"width":2560,"height":1707,"url":"https:\/\/www.caferacerworld.com\/wp-content\/uploads\/2025\/12\/BMW-NINE-T-GULF-8-scaled.jpg","type":"image\/jpeg"}],"author":"\u00c1lvaro Man\u00e9n","twitter_card":"summary_large_image","twitter_misc":{"Escrito por":"\u00c1lvaro Man\u00e9n","Tiempo de lectura":"5 minutos"},"schema":{"@context":"https:\/\/schema.org","@graph":[{"@type":"Article","@id":"https:\/\/www.caferacerworld.com\/es\/bmw-r-nine-t-de-ldk-neoracer-tributo-a-gulf-racing\/#article","isPartOf":{"@id":"https:\/\/www.caferacerworld.com\/es\/bmw-r-nine-t-de-ldk-neoracer-tributo-a-gulf-racing\/"},"author":{"name":"\u00c1lvaro Man\u00e9n","@id":"https:\/\/www.caferacerworld.com\/es\/#\/schema\/person\/3eb7b97b03902bb2d3cc827be571043e"},"headline":"BMW R NINE T de LDK \u2013 Neoracer Tributo a Gulf Racing","datePublished":"2025-12-02T16:28:39+00:00","dateModified":"2025-12-13T15:46:41+00:00","mainEntityOfPage":{"@id":"https:\/\/www.caferacerworld.com\/es\/bmw-r-nine-t-de-ldk-neoracer-tributo-a-gulf-racing\/"},"wordCount":592,"commentCount":0,"publisher":{"@id":"https:\/\/www.caferacerworld.com\/es\/#organization"},"image":{"@id":"https:\/\/www.caferacerworld.com\/es\/bmw-r-nine-t-de-ldk-neoracer-tributo-a-gulf-racing\/#primaryimage"},"thumbnailUrl":"https:\/\/www.caferacerworld.com\/wp-content\/uploads\/2025\/12\/BMW-NINE-T-GULF-8-1024x683.jpg","articleSection":["BMW","Cafe Racer","Motos","Neoracer"],"inLanguage":"es","potentialAction":[{"@type":"CommentAction","name":"Comment","target":["https:\/\/www.caferacerworld.com\/es\/bmw-r-nine-t-de-ldk-neoracer-tributo-a-gulf-racing\/#respond"]}]},{"@type":"WebPage","@id":"https:\/\/www.caferacerworld.com\/es\/bmw-r-nine-t-de-ldk-neoracer-tributo-a-gulf-racing\/","url":"https:\/\/www.caferacerworld.com\/es\/bmw-r-nine-t-de-ldk-neoracer-tributo-a-gulf-racing\/","name":"BMW R NINE T de LDK \u2013 Neoracer Tributo a Gulf Racing - Cafe Racer World","isPartOf":{"@id":"https:\/\/www.caferacerworld.com\/es\/#website"},"primaryImageOfPage":{"@id":"https:\/\/www.caferacerworld.com\/es\/bmw-r-nine-t-de-ldk-neoracer-tributo-a-gulf-racing\/#primaryimage"},"image":{"@id":"https:\/\/www.caferacerworld.com\/es\/bmw-r-nine-t-de-ldk-neoracer-tributo-a-gulf-racing\/#primaryimage"},"thumbnailUrl":"https:\/\/www.caferacerworld.com\/wp-content\/uploads\/2025\/12\/BMW-NINE-T-GULF-8-1024x683.jpg","datePublished":"2025-12-02T16:28:39+00:00","dateModified":"2025-12-13T15:46:41+00:00","description":"Descubre la BMW R Nine T \u201cGulf\u201d de Lord Drake Kustoms: una caf\u00e9 racer artesanal, la decoraci\u00f3n celeste y naranja de Gulf Racing llevada a dos ruedas.","breadcrumb":{"@id":"https:\/\/www.caferacerworld.com\/es\/bmw-r-nine-t-de-ldk-neoracer-tributo-a-gulf-racing\/#breadcrumb"},"inLanguage":"es","potentialAction":[{"@type":"ReadAction","target":["https:\/\/www.caferacerworld.com\/es\/bmw-r-nine-t-de-ldk-neoracer-tributo-a-gulf-racing\/"]}]},{"@type":"ImageObject","inLanguage":"es","@id":"https:\/\/www.caferacerworld.com\/es\/bmw-r-nine-t-de-ldk-neoracer-tributo-a-gulf-racing\/#primaryimage","url":"https:\/\/www.caferacerworld.com\/wp-content\/uploads\/2025\/12\/BMW-NINE-T-GULF-8-1024x683.jpg","contentUrl":"https:\/\/www.caferacerworld.com\/wp-content\/uploads\/2025\/12\/BMW-NINE-T-GULF-8-1024x683.jpg"},{"@type":"BreadcrumbList","@id":"https:\/\/www.caferacerworld.com\/es\/bmw-r-nine-t-de-ldk-neoracer-tributo-a-gulf-racing\/#breadcrumb","itemListElement":[{"@type":"ListItem","position":1,"name":"Portada","item":"https:\/\/www.caferacerworld.com\/es\/"},{"@type":"ListItem","position":2,"name":"BMW R NINE T de LDK \u2013 Neoracer Tributo a Gulf Racing"}]},{"@type":"WebSite","@id":"https:\/\/www.caferacerworld.com\/es\/#website","url":"https:\/\/www.caferacerworld.com\/es\/","name":"Cafe Racer World","description":"","publisher":{"@id":"https:\/\/www.caferacerworld.com\/es\/#organization"},"potentialAction":[{"@type":"SearchAction","target":{"@type":"EntryPoint","urlTemplate":"https:\/\/www.caferacerworld.com\/es\/?s={search_term_string}"},"query-input":{"@type":"PropertyValueSpecification","valueRequired":true,"valueName":"search_term_string"}}],"inLanguage":"es"},{"@type":"Organization","@id":"https:\/\/www.caferacerworld.com\/es\/#organization","name":"Cafe Racer World","url":"https:\/\/www.caferacerworld.com\/es\/","logo":{"@type":"ImageObject","inLanguage":"es","@id":"https:\/\/www.caferacerworld.com\/es\/#\/schema\/logo\/image\/","url":"https:\/\/www.caferacerworld.com\/wp-content\/uploads\/2019\/10\/logo-crw-4-1.png","contentUrl":"https:\/\/www.caferacerworld.com\/wp-content\/uploads\/2019\/10\/logo-crw-4-1.png","width":540,"height":160,"caption":"Cafe Racer World"},"image":{"@id":"https:\/\/www.caferacerworld.com\/es\/#\/schema\/logo\/image\/"},"sameAs":["https:\/\/www.facebook.com\/profile.php?id=61579424306050","https:\/\/www.instagram.com\/caferacerworld_oficial\/"]},{"@type":"Person","@id":"https:\/\/www.caferacerworld.com\/es\/#\/schema\/person\/3eb7b97b03902bb2d3cc827be571043e","name":"\u00c1lvaro Man\u00e9n","image":{"@type":"ImageObject","inLanguage":"es","@id":"https:\/\/www.caferacerworld.com\/es\/#\/schema\/person\/image\/","url":"https:\/\/secure.gravatar.com\/avatar\/b145880ed8fe411472f0558fa8f66fdfca9948f7e92af5121d94d07fd43a67ea?s=96&d=mm&r=g","contentUrl":"https:\/\/secure.gravatar.com\/avatar\/b145880ed8fe411472f0558fa8f66fdfca9948f7e92af5121d94d07fd43a67ea?s=96&d=mm&r=g","caption":"\u00c1lvaro Man\u00e9n"}}]}},"featured_image_src":null,"featured_image_src_square":null,"author_info":{"display_name":"\u00c1lvaro Man\u00e9n","author_link":"https:\/\/www.caferacerworld.com\/es\/author\/alvaro\/"},"_links":{"self":[{"href":"https:\/\/www.caferacerworld.com\/es\/wp-json\/wp\/v2\/posts\/3363","targetHints":{"allow":["GET"]}}],"collection":[{"href":"https:\/\/www.caferacerworld.com\/es\/wp-json\/wp\/v2\/posts"}],"about":[{"href":"https:\/\/www.caferacerworld.com\/es\/wp-json\/wp\/v2\/types\/post"}],"author":[{"embeddable":true,"href":"https:\/\/www.caferacerworld.com\/es\/wp-json\/wp\/v2\/users\/2"}],"replies":[{"embeddable":true,"href":"https:\/\/www.caferacerworld.com\/es\/wp-json\/wp\/v2\/comments?post=3363"}],"version-history":[{"count":1,"href":"https:\/\/www.caferacerworld.com\/es\/wp-json\/wp\/v2\/posts\/3363\/revisions"}],"predecessor-version":[{"id":3364,"href":"https:\/\/www.caferacerworld.com\/es\/wp-json\/wp\/v2\/posts\/3363\/revisions\/3364"}],"wp:attachment":[{"href":"https:\/\/www.caferacerworld.com\/es\/wp-json\/wp\/v2\/media?parent=3363"}],"wp:term":[{"taxonomy":"category","embeddable":true,"href":"https:\/\/www.caferacerworld.com\/es\/wp-json\/wp\/v2\/categories?post=3363"},{"taxonomy":"post_tag","embeddable":true,"href":"https:\/\/www.caferacerworld.com\/es\/wp-json\/wp\/v2\/tags?post=3363"}],"curies":[{"name":"wp","href":"https:\/\/api.w.org\/{rel}","templated":true}]}}