{"id":3562,"date":"2026-02-12T10:00:00","date_gmt":"2026-02-12T09:00:00","guid":{"rendered":"https:\/\/www.caferacerworld.com\/?p=3562"},"modified":"2026-02-16T17:41:41","modified_gmt":"2026-02-16T16:41:41","slug":"fighting-31-una-bmw-r-ninet-custom-de-ldk","status":"publish","type":"post","link":"https:\/\/www.caferacerworld.com\/es\/fighting-31-una-bmw-r-ninet-custom-de-ldk\/","title":{"rendered":"\u00abFighting 31\u00bb: Una BMW R nineT Custom de  LDK"},"content":{"rendered":"\n<figure class=\"wp-block-gallery has-nested-images columns-default is-cropped wp-block-gallery-1 is-layout-flex wp-block-gallery-is-layout-flex\">\n<figure class=\"wp-block-image alignfull size-large\"><img loading=\"lazy\" decoding=\"async\" width=\"1024\" height=\"683\" data-id=\"3564\" src=\"https:\/\/www.caferacerworld.com\/wp-content\/uploads\/2026\/02\/BMW-FIGHTING-31-13-1024x683.jpg\" alt=\"\" class=\"wp-image-3564\" srcset=\"https:\/\/www.caferacerworld.com\/wp-content\/uploads\/2026\/02\/BMW-FIGHTING-31-13-1024x683.jpg 1024w, https:\/\/www.caferacerworld.com\/wp-content\/uploads\/2026\/02\/BMW-FIGHTING-31-13-300x200.jpg 300w, https:\/\/www.caferacerworld.com\/wp-content\/uploads\/2026\/02\/BMW-FIGHTING-31-13-768x512.jpg 768w, https:\/\/www.caferacerworld.com\/wp-content\/uploads\/2026\/02\/BMW-FIGHTING-31-13-1536x1024.jpg 1536w, https:\/\/www.caferacerworld.com\/wp-content\/uploads\/2026\/02\/BMW-FIGHTING-31-13-2048x1365.jpg 2048w, https:\/\/www.caferacerworld.com\/wp-content\/uploads\/2026\/02\/BMW-FIGHTING-31-13-600x400.jpg 600w, https:\/\/www.caferacerworld.com\/wp-content\/uploads\/2026\/02\/BMW-FIGHTING-31-13-1320x880.jpg 1320w\" sizes=\"auto, (max-width: 1024px) 100vw, 1024px\" \/><\/figure>\n<\/figure>\n\n\n\n<p><\/p>\n\n\n\n<p>La BMW R nineT ya es una m\u00e1quina robusta y fiable de por s\u00ed, pero para el equipo de<strong> <a href=\"https:\/\/www.lorddrakekustoms.com\/es\/\" target=\"_blank\" rel=\"noreferrer noopener\">Lord Drake Kustoms<\/a><\/strong>, era solo un lienzo en blanco esperando una transformaci\u00f3n radical. Su objetivo era tomar este icono alem\u00e1n e inyectarle un car\u00e1cter \u00abfighter\u00bb, creando una motocicleta que equilibra el m\u00fasculo con la elegancia.<\/p>\n\n\n\n<p>El resultado es la <strong>\u00abFighting 31\u00bb<\/strong>, una <strong>BMW R nineT <\/strong>customizada que combina el esp\u00edritu cl\u00e1sico del motor b\u00f3xer con una est\u00e9tica agresiva de inspiraci\u00f3n militar y un enfoque claramente deportivo.<\/p>\n\n\n\n<p><\/p>\n\n\n\n<h3 class=\"wp-block-heading\">Verde Satinado y Mostaza<\/h3>\n\n\n\n<p>El rasgo m\u00e1s distintivo de esta construcci\u00f3n es, sin duda, su esquema de color. Lord Drake Kustoms se alej\u00f3 de los acabados de f\u00e1brica est\u00e1ndar para crear algo \u00fanico. El dep\u00f3sito de combustible est\u00e1 acabado en un <strong>Verde Militar Satinado<\/strong>, lo que le da a la moto un aspecto duro y utilitario.<\/p>\n\n\n\n<p>Para romper el verde, el equipo aplic\u00f3 <strong>detalles en Amarillo Mostaza<\/strong> y n\u00fameros en la parte superior del dep\u00f3sito, creando un contraste sofisticado. Esto se complementa con componentes oscurecidos \u2014incluyendo el motor, el chasis y las partes estructurales en negro\u2014 que otorgan a la moto una postura compacta y agresiva. El logotipo lateral personalizado refuerza la identidad \u00fanica de la moto, mientras que la mezcla de acabados mate y satinados asegura una sensaci\u00f3n contempor\u00e1nea y premium.<\/p>\n\n\n\n<figure class=\"wp-block-gallery has-nested-images columns-default is-cropped wp-block-gallery-2 is-layout-flex wp-block-gallery-is-layout-flex\">\n<figure class=\"wp-block-image size-large\"><img loading=\"lazy\" decoding=\"async\" width=\"1024\" height=\"683\" data-id=\"3552\" src=\"https:\/\/www.caferacerworld.com\/wp-content\/uploads\/2026\/02\/BMW-FIGHTING-31-7-1024x683.jpg\" alt=\"\" class=\"wp-image-3552\" srcset=\"https:\/\/www.caferacerworld.com\/wp-content\/uploads\/2026\/02\/BMW-FIGHTING-31-7-1024x683.jpg 1024w, https:\/\/www.caferacerworld.com\/wp-content\/uploads\/2026\/02\/BMW-FIGHTING-31-7-300x200.jpg 300w, https:\/\/www.caferacerworld.com\/wp-content\/uploads\/2026\/02\/BMW-FIGHTING-31-7-768x512.jpg 768w, https:\/\/www.caferacerworld.com\/wp-content\/uploads\/2026\/02\/BMW-FIGHTING-31-7-1536x1024.jpg 1536w, https:\/\/www.caferacerworld.com\/wp-content\/uploads\/2026\/02\/BMW-FIGHTING-31-7-2048x1365.jpg 2048w, https:\/\/www.caferacerworld.com\/wp-content\/uploads\/2026\/02\/BMW-FIGHTING-31-7-600x400.jpg 600w, https:\/\/www.caferacerworld.com\/wp-content\/uploads\/2026\/02\/BMW-FIGHTING-31-7-1320x880.jpg 1320w\" sizes=\"auto, (max-width: 1024px) 100vw, 1024px\" \/><\/figure>\n\n\n\n<figure class=\"wp-block-image size-large\"><img loading=\"lazy\" decoding=\"async\" width=\"1024\" height=\"683\" data-id=\"3554\" src=\"https:\/\/www.caferacerworld.com\/wp-content\/uploads\/2026\/02\/BMW-FIGHTING-31-8-1024x683.jpg\" alt=\"\" class=\"wp-image-3554\" srcset=\"https:\/\/www.caferacerworld.com\/wp-content\/uploads\/2026\/02\/BMW-FIGHTING-31-8-1024x683.jpg 1024w, https:\/\/www.caferacerworld.com\/wp-content\/uploads\/2026\/02\/BMW-FIGHTING-31-8-300x200.jpg 300w, https:\/\/www.caferacerworld.com\/wp-content\/uploads\/2026\/02\/BMW-FIGHTING-31-8-768x512.jpg 768w, https:\/\/www.caferacerworld.com\/wp-content\/uploads\/2026\/02\/BMW-FIGHTING-31-8-1536x1024.jpg 1536w, https:\/\/www.caferacerworld.com\/wp-content\/uploads\/2026\/02\/BMW-FIGHTING-31-8-2048x1365.jpg 2048w, https:\/\/www.caferacerworld.com\/wp-content\/uploads\/2026\/02\/BMW-FIGHTING-31-8-600x400.jpg 600w, https:\/\/www.caferacerworld.com\/wp-content\/uploads\/2026\/02\/BMW-FIGHTING-31-8-1320x880.jpg 1320w\" sizes=\"auto, (max-width: 1024px) 100vw, 1024px\" \/><\/figure>\n<\/figure>\n\n\n\n<p><\/p>\n\n\n\n<h3 class=\"wp-block-heading\">Trasera Refinada<\/h3>\n\n\n\n<p>Transformar la silueta de una moto de serie a menudo requiere una cirug\u00eda mayor en la parte trasera, y esta <strong>BMW R nineT custom<\/strong> no es una excepci\u00f3n. LDK modific\u00f3 y ajust\u00f3 el subchasis para lograr una l\u00ednea m\u00e1s limpia y deportiva.<\/p>\n\n\n\n<p>Sobre esta nueva estructura trasera se asienta un <strong>col\u00edn monoplaza<\/strong> con un dise\u00f1o exclusivo. El asiento en s\u00ed est\u00e1 hecho a mano y tapizado con un patr\u00f3n de costura de diamante (romboidal) y costuras en contraste, a\u00f1adiendo un toque de lujo a la tem\u00e1tica militar. Se instal\u00f3 un soporte de matr\u00edcula lateral para mantener la rueda trasera completamente visible y reforzar la est\u00e9tica minimalista.<\/p>\n\n\n\n<figure class=\"wp-block-gallery has-nested-images columns-default is-cropped wp-block-gallery-3 is-layout-flex wp-block-gallery-is-layout-flex\">\n<figure class=\"wp-block-image size-large\"><img loading=\"lazy\" decoding=\"async\" width=\"1024\" height=\"683\" data-id=\"3550\" src=\"https:\/\/www.caferacerworld.com\/wp-content\/uploads\/2026\/02\/BMW-FIGHTING-31-6-1024x683.jpg\" alt=\"\" class=\"wp-image-3550\" srcset=\"https:\/\/www.caferacerworld.com\/wp-content\/uploads\/2026\/02\/BMW-FIGHTING-31-6-1024x683.jpg 1024w, https:\/\/www.caferacerworld.com\/wp-content\/uploads\/2026\/02\/BMW-FIGHTING-31-6-300x200.jpg 300w, https:\/\/www.caferacerworld.com\/wp-content\/uploads\/2026\/02\/BMW-FIGHTING-31-6-768x512.jpg 768w, https:\/\/www.caferacerworld.com\/wp-content\/uploads\/2026\/02\/BMW-FIGHTING-31-6-1536x1024.jpg 1536w, https:\/\/www.caferacerworld.com\/wp-content\/uploads\/2026\/02\/BMW-FIGHTING-31-6-2048x1365.jpg 2048w, https:\/\/www.caferacerworld.com\/wp-content\/uploads\/2026\/02\/BMW-FIGHTING-31-6-600x400.jpg 600w, https:\/\/www.caferacerworld.com\/wp-content\/uploads\/2026\/02\/BMW-FIGHTING-31-6-1320x880.jpg 1320w\" sizes=\"auto, (max-width: 1024px) 100vw, 1024px\" \/><\/figure>\n\n\n\n<figure class=\"wp-block-image size-large\"><img loading=\"lazy\" decoding=\"async\" width=\"1024\" height=\"683\" data-id=\"3558\" src=\"https:\/\/www.caferacerworld.com\/wp-content\/uploads\/2026\/02\/BMW-FIGHTING-31-9-1024x683.jpg\" alt=\"\" class=\"wp-image-3558\" srcset=\"https:\/\/www.caferacerworld.com\/wp-content\/uploads\/2026\/02\/BMW-FIGHTING-31-9-1024x683.jpg 1024w, https:\/\/www.caferacerworld.com\/wp-content\/uploads\/2026\/02\/BMW-FIGHTING-31-9-300x200.jpg 300w, https:\/\/www.caferacerworld.com\/wp-content\/uploads\/2026\/02\/BMW-FIGHTING-31-9-768x512.jpg 768w, https:\/\/www.caferacerworld.com\/wp-content\/uploads\/2026\/02\/BMW-FIGHTING-31-9-1536x1024.jpg 1536w, https:\/\/www.caferacerworld.com\/wp-content\/uploads\/2026\/02\/BMW-FIGHTING-31-9-2048x1365.jpg 2048w, https:\/\/www.caferacerworld.com\/wp-content\/uploads\/2026\/02\/BMW-FIGHTING-31-9-600x400.jpg 600w, https:\/\/www.caferacerworld.com\/wp-content\/uploads\/2026\/02\/BMW-FIGHTING-31-9-1320x880.jpg 1320w\" sizes=\"auto, (max-width: 1024px) 100vw, 1024px\" \/><\/figure>\n<\/figure>\n\n\n\n<p><\/p>\n\n\n\n<h3 class=\"wp-block-heading\">Mejoras de Rendimiento<\/h3>\n\n\n\n<p>La \u00abFighting 31\u00bb no es solo est\u00e9tica; incorpora modificaciones para mejorar la experiencia de conducci\u00f3n. El escape de serie fue reemplazado por un <strong>escape deportivo de alto rendimiento<\/strong>, que no solo mejora el sonido del motor b\u00f3xer sino que tambi\u00e9n afila la respuesta del acelerador.<\/p>\n\n\n\n<p>Para ayudar a\u00fan m\u00e1s a la respiraci\u00f3n del motor y a\u00f1adir un \u00abcar\u00e1cter racing\u00bb, se instal\u00f3 un <strong>filtro de aire deportivo visible<\/strong>. El equipo tambi\u00e9n ajust\u00f3 la suspensi\u00f3n y los detalles t\u00e9cnicos para optimizar el comportamiento din\u00e1mico de la moto, asegurando que se conduzca de forma tan agresiva como sugiere su apariencia.<\/p>\n\n\n\n<figure class=\"wp-block-gallery has-nested-images columns-default is-cropped wp-block-gallery-4 is-layout-flex wp-block-gallery-is-layout-flex\">\n<figure class=\"wp-block-image size-large\"><img loading=\"lazy\" decoding=\"async\" width=\"1024\" height=\"683\" data-id=\"3556\" src=\"https:\/\/www.caferacerworld.com\/wp-content\/uploads\/2026\/02\/BMW-FIGHTING-31-2-1024x683.jpg\" alt=\"\" class=\"wp-image-3556\" srcset=\"https:\/\/www.caferacerworld.com\/wp-content\/uploads\/2026\/02\/BMW-FIGHTING-31-2-1024x683.jpg 1024w, https:\/\/www.caferacerworld.com\/wp-content\/uploads\/2026\/02\/BMW-FIGHTING-31-2-300x200.jpg 300w, https:\/\/www.caferacerworld.com\/wp-content\/uploads\/2026\/02\/BMW-FIGHTING-31-2-768x512.jpg 768w, https:\/\/www.caferacerworld.com\/wp-content\/uploads\/2026\/02\/BMW-FIGHTING-31-2-1536x1024.jpg 1536w, https:\/\/www.caferacerworld.com\/wp-content\/uploads\/2026\/02\/BMW-FIGHTING-31-2-2048x1365.jpg 2048w, https:\/\/www.caferacerworld.com\/wp-content\/uploads\/2026\/02\/BMW-FIGHTING-31-2-600x400.jpg 600w, https:\/\/www.caferacerworld.com\/wp-content\/uploads\/2026\/02\/BMW-FIGHTING-31-2-1320x880.jpg 1320w\" sizes=\"auto, (max-width: 1024px) 100vw, 1024px\" \/><\/figure>\n<\/figure>\n\n\n\n<p><\/p>\n\n\n\n<h3 class=\"wp-block-heading\">El Diablo est\u00e1 en los Detalles<\/h3>\n\n\n\n<p>Lord Drake Kustoms elimin\u00f3 los elementos originales innecesarios para estilizar todo el conjunto. Se adaptaron guardabarros personalizados para encajar con la nueva geometr\u00eda, y se sustituyeron los voluminosos intermitentes de serie. La moto ahora cuenta con <strong>intermitentes Motogadget<\/strong> incorporados directamente en los pu\u00f1os del manillar (tipo bar-end), manteniendo las l\u00edneas ultralimpias.<\/p>\n\n\n\n<figure class=\"wp-block-image size-large\"><img loading=\"lazy\" decoding=\"async\" width=\"1024\" height=\"683\" src=\"https:\/\/www.caferacerworld.com\/wp-content\/uploads\/2026\/02\/BMW-FIGHTING-31-5-1024x683.jpg\" alt=\"\" class=\"wp-image-3548\" srcset=\"https:\/\/www.caferacerworld.com\/wp-content\/uploads\/2026\/02\/BMW-FIGHTING-31-5-1024x683.jpg 1024w, https:\/\/www.caferacerworld.com\/wp-content\/uploads\/2026\/02\/BMW-FIGHTING-31-5-300x200.jpg 300w, https:\/\/www.caferacerworld.com\/wp-content\/uploads\/2026\/02\/BMW-FIGHTING-31-5-768x512.jpg 768w, https:\/\/www.caferacerworld.com\/wp-content\/uploads\/2026\/02\/BMW-FIGHTING-31-5-1536x1024.jpg 1536w, https:\/\/www.caferacerworld.com\/wp-content\/uploads\/2026\/02\/BMW-FIGHTING-31-5-2048x1365.jpg 2048w, https:\/\/www.caferacerworld.com\/wp-content\/uploads\/2026\/02\/BMW-FIGHTING-31-5-600x400.jpg 600w, https:\/\/www.caferacerworld.com\/wp-content\/uploads\/2026\/02\/BMW-FIGHTING-31-5-1320x880.jpg 1320w\" sizes=\"auto, (max-width: 1024px) 100vw, 1024px\" \/><\/figure>\n\n\n\n<p><\/p>\n\n\n\n<h3 class=\"wp-block-heading\">Una Fighter Moderna<\/h3>\n\n\n\n<p>La \u00abFighting 31\u00bb representa el equilibrio perfecto entre elegancia, potencia y personalidad. Transforma una naked est\u00e1ndar en una aut\u00e9ntica caf\u00e9 racer moderna. Como en todas las preparaciones de Lord Drake Kustoms, esta <strong>BMW R nineT custom<\/strong> est\u00e1 debidamente homologada (legal para la calle), demostrando que un dise\u00f1o radical no tiene por qu\u00e9 estar re\u00f1ido con la legalidad o la fiabilidad.<\/p>\n\n\n\n<figure class=\"wp-block-image size-large\"><img loading=\"lazy\" decoding=\"async\" width=\"1024\" height=\"683\" src=\"https:\/\/www.caferacerworld.com\/wp-content\/uploads\/2026\/02\/BMW-FIGHTING-31-11-1024x683.jpg\" alt=\"\" class=\"wp-image-3560\" srcset=\"https:\/\/www.caferacerworld.com\/wp-content\/uploads\/2026\/02\/BMW-FIGHTING-31-11-1024x683.jpg 1024w, https:\/\/www.caferacerworld.com\/wp-content\/uploads\/2026\/02\/BMW-FIGHTING-31-11-300x200.jpg 300w, https:\/\/www.caferacerworld.com\/wp-content\/uploads\/2026\/02\/BMW-FIGHTING-31-11-768x512.jpg 768w, https:\/\/www.caferacerworld.com\/wp-content\/uploads\/2026\/02\/BMW-FIGHTING-31-11-1536x1024.jpg 1536w, https:\/\/www.caferacerworld.com\/wp-content\/uploads\/2026\/02\/BMW-FIGHTING-31-11-2048x1365.jpg 2048w, https:\/\/www.caferacerworld.com\/wp-content\/uploads\/2026\/02\/BMW-FIGHTING-31-11-600x400.jpg 600w, https:\/\/www.caferacerworld.com\/wp-content\/uploads\/2026\/02\/BMW-FIGHTING-31-11-1320x880.jpg 1320w\" sizes=\"auto, (max-width: 1024px) 100vw, 1024px\" \/><\/figure>\n\n\n\n<p>\ud83d\udd17<a href=\"https:\/\/www.lorddrakekustoms.com\/es\/\" target=\"_blank\" rel=\"noreferrer noopener\">Lord Drake Kustoms<\/a>\u00a0<strong>|\u00a0<\/strong><a href=\"https:\/\/www.instagram.com\/lorddrakekustoms\/\" target=\"_blank\" rel=\"noreferrer noopener\">@lorddrakekustoms<\/a><\/p>\n","protected":false},"excerpt":{"rendered":"<p>La BMW R nineT ya es una m\u00e1quina robusta y fiable de por s\u00ed, pero para el equipo<\/p>\n","protected":false},"author":2,"featured_media":3564,"comment_status":"closed","ping_status":"closed","sticky":false,"template":"","format":"standard","meta":{"footnotes":""},"categories":[10,5,45,47],"tags":[],"class_list":["post-3562","post","type-post","status-publish","format-standard","has-post-thumbnail","hentry","category-bmw","category-cafe-racer","category-motos","category-neoracer"],"yoast_head":"<!-- This site is optimized with the Yoast SEO plugin v25.4 - https:\/\/yoast.com\/wordpress\/plugins\/seo\/ -->\n<title>&quot;Fighting 31&quot;: Una BMW R nineT Custom de LDK - Cafe Racer World<\/title>\n<meta name=\"description\" content=\"Descubre la &quot;Fighting 31&quot; de Lord Drake Kustoms: Una BMW R nineT custom con acabado verde militar satinado, asiento a medida y modificaciones agresivas estilo caf\u00e9 racer.\" \/>\n<meta name=\"robots\" content=\"index, follow, max-snippet:-1, max-image-preview:large, max-video-preview:-1\" \/>\n<link rel=\"canonical\" href=\"https:\/\/www.caferacerworld.com\/es\/fighting-31-una-bmw-r-ninet-custom-de-ldk\/\" \/>\n<meta property=\"og:locale\" content=\"es_ES\" \/>\n<meta property=\"og:type\" content=\"article\" \/>\n<meta property=\"og:title\" content=\"&quot;Fighting 31&quot;: Una BMW R nineT Custom de LDK - Cafe Racer World\" \/>\n<meta property=\"og:description\" content=\"Descubre la &quot;Fighting 31&quot; de Lord Drake Kustoms: Una BMW R nineT custom con acabado verde militar satinado, asiento a medida y modificaciones agresivas estilo caf\u00e9 racer.\" \/>\n<meta property=\"og:url\" content=\"https:\/\/www.caferacerworld.com\/es\/fighting-31-una-bmw-r-ninet-custom-de-ldk\/\" \/>\n<meta property=\"og:site_name\" content=\"Cafe Racer World\" \/>\n<meta property=\"article:publisher\" content=\"https:\/\/www.facebook.com\/profile.php?id=61579424306050\" \/>\n<meta property=\"article:published_time\" content=\"2026-02-12T09:00:00+00:00\" \/>\n<meta property=\"article:modified_time\" content=\"2026-02-16T16:41:41+00:00\" \/>\n<meta property=\"og:image\" content=\"https:\/\/www.caferacerworld.com\/wp-content\/uploads\/2026\/02\/BMW-FIGHTING-31-13-scaled.jpg\" \/>\n\t<meta property=\"og:image:width\" content=\"2560\" \/>\n\t<meta property=\"og:image:height\" content=\"1706\" \/>\n\t<meta property=\"og:image:type\" content=\"image\/jpeg\" \/>\n<meta name=\"author\" content=\"\u00c1lvaro Man\u00e9n\" \/>\n<meta name=\"twitter:card\" content=\"summary_large_image\" \/>\n<meta name=\"twitter:label1\" content=\"Escrito por\" \/>\n\t<meta name=\"twitter:data1\" content=\"\u00c1lvaro Man\u00e9n\" \/>\n\t<meta name=\"twitter:label2\" content=\"Tiempo de lectura\" \/>\n\t<meta name=\"twitter:data2\" content=\"5 minutos\" \/>\n<script type=\"application\/ld+json\" class=\"yoast-schema-graph\">{\"@context\":\"https:\/\/schema.org\",\"@graph\":[{\"@type\":\"Article\",\"@id\":\"https:\/\/www.caferacerworld.com\/es\/fighting-31-una-bmw-r-ninet-custom-de-ldk\/#article\",\"isPartOf\":{\"@id\":\"https:\/\/www.caferacerworld.com\/es\/fighting-31-una-bmw-r-ninet-custom-de-ldk\/\"},\"author\":{\"name\":\"\u00c1lvaro Man\u00e9n\",\"@id\":\"https:\/\/www.caferacerworld.com\/es\/#\/schema\/person\/3eb7b97b03902bb2d3cc827be571043e\"},\"headline\":\"\u00abFighting 31\u00bb: Una BMW R nineT Custom de LDK\",\"datePublished\":\"2026-02-12T09:00:00+00:00\",\"dateModified\":\"2026-02-16T16:41:41+00:00\",\"mainEntityOfPage\":{\"@id\":\"https:\/\/www.caferacerworld.com\/es\/fighting-31-una-bmw-r-ninet-custom-de-ldk\/\"},\"wordCount\":604,\"publisher\":{\"@id\":\"https:\/\/www.caferacerworld.com\/es\/#organization\"},\"image\":{\"@id\":\"https:\/\/www.caferacerworld.com\/es\/fighting-31-una-bmw-r-ninet-custom-de-ldk\/#primaryimage\"},\"thumbnailUrl\":\"https:\/\/www.caferacerworld.com\/wp-content\/uploads\/2026\/02\/BMW-FIGHTING-31-13-scaled.jpg\",\"articleSection\":[\"BMW\",\"Cafe Racer\",\"Motos\",\"Neoracer\"],\"inLanguage\":\"es\"},{\"@type\":\"WebPage\",\"@id\":\"https:\/\/www.caferacerworld.com\/es\/fighting-31-una-bmw-r-ninet-custom-de-ldk\/\",\"url\":\"https:\/\/www.caferacerworld.com\/es\/fighting-31-una-bmw-r-ninet-custom-de-ldk\/\",\"name\":\"\\\"Fighting 31\\\": Una BMW R nineT Custom de LDK - Cafe Racer World\",\"isPartOf\":{\"@id\":\"https:\/\/www.caferacerworld.com\/es\/#website\"},\"primaryImageOfPage\":{\"@id\":\"https:\/\/www.caferacerworld.com\/es\/fighting-31-una-bmw-r-ninet-custom-de-ldk\/#primaryimage\"},\"image\":{\"@id\":\"https:\/\/www.caferacerworld.com\/es\/fighting-31-una-bmw-r-ninet-custom-de-ldk\/#primaryimage\"},\"thumbnailUrl\":\"https:\/\/www.caferacerworld.com\/wp-content\/uploads\/2026\/02\/BMW-FIGHTING-31-13-scaled.jpg\",\"datePublished\":\"2026-02-12T09:00:00+00:00\",\"dateModified\":\"2026-02-16T16:41:41+00:00\",\"description\":\"Descubre la \\\"Fighting 31\\\" de Lord Drake Kustoms: Una BMW R nineT custom con acabado verde militar satinado, asiento a medida y modificaciones agresivas estilo caf\u00e9 racer.\",\"breadcrumb\":{\"@id\":\"https:\/\/www.caferacerworld.com\/es\/fighting-31-una-bmw-r-ninet-custom-de-ldk\/#breadcrumb\"},\"inLanguage\":\"es\",\"potentialAction\":[{\"@type\":\"ReadAction\",\"target\":[\"https:\/\/www.caferacerworld.com\/es\/fighting-31-una-bmw-r-ninet-custom-de-ldk\/\"]}]},{\"@type\":\"ImageObject\",\"inLanguage\":\"es\",\"@id\":\"https:\/\/www.caferacerworld.com\/es\/fighting-31-una-bmw-r-ninet-custom-de-ldk\/#primaryimage\",\"url\":\"https:\/\/www.caferacerworld.com\/wp-content\/uploads\/2026\/02\/BMW-FIGHTING-31-13-scaled.jpg\",\"contentUrl\":\"https:\/\/www.caferacerworld.com\/wp-content\/uploads\/2026\/02\/BMW-FIGHTING-31-13-scaled.jpg\",\"width\":2560,\"height\":1706},{\"@type\":\"BreadcrumbList\",\"@id\":\"https:\/\/www.caferacerworld.com\/es\/fighting-31-una-bmw-r-ninet-custom-de-ldk\/#breadcrumb\",\"itemListElement\":[{\"@type\":\"ListItem\",\"position\":1,\"name\":\"Portada\",\"item\":\"https:\/\/www.caferacerworld.com\/es\/\"},{\"@type\":\"ListItem\",\"position\":2,\"name\":\"\u00abFighting 31\u00bb: Una BMW R nineT Custom de LDK\"}]},{\"@type\":\"WebSite\",\"@id\":\"https:\/\/www.caferacerworld.com\/es\/#website\",\"url\":\"https:\/\/www.caferacerworld.com\/es\/\",\"name\":\"Cafe Racer World\",\"description\":\"\",\"publisher\":{\"@id\":\"https:\/\/www.caferacerworld.com\/es\/#organization\"},\"potentialAction\":[{\"@type\":\"SearchAction\",\"target\":{\"@type\":\"EntryPoint\",\"urlTemplate\":\"https:\/\/www.caferacerworld.com\/es\/?s={search_term_string}\"},\"query-input\":{\"@type\":\"PropertyValueSpecification\",\"valueRequired\":true,\"valueName\":\"search_term_string\"}}],\"inLanguage\":\"es\"},{\"@type\":\"Organization\",\"@id\":\"https:\/\/www.caferacerworld.com\/es\/#organization\",\"name\":\"Cafe Racer World\",\"url\":\"https:\/\/www.caferacerworld.com\/es\/\",\"logo\":{\"@type\":\"ImageObject\",\"inLanguage\":\"es\",\"@id\":\"https:\/\/www.caferacerworld.com\/es\/#\/schema\/logo\/image\/\",\"url\":\"https:\/\/www.caferacerworld.com\/wp-content\/uploads\/2019\/10\/logo-crw-4-1.png\",\"contentUrl\":\"https:\/\/www.caferacerworld.com\/wp-content\/uploads\/2019\/10\/logo-crw-4-1.png\",\"width\":540,\"height\":160,\"caption\":\"Cafe Racer World\"},\"image\":{\"@id\":\"https:\/\/www.caferacerworld.com\/es\/#\/schema\/logo\/image\/\"},\"sameAs\":[\"https:\/\/www.facebook.com\/profile.php?id=61579424306050\",\"https:\/\/www.instagram.com\/caferacerworld_oficial\/\"]},{\"@type\":\"Person\",\"@id\":\"https:\/\/www.caferacerworld.com\/es\/#\/schema\/person\/3eb7b97b03902bb2d3cc827be571043e\",\"name\":\"\u00c1lvaro Man\u00e9n\",\"image\":{\"@type\":\"ImageObject\",\"inLanguage\":\"es\",\"@id\":\"https:\/\/www.caferacerworld.com\/es\/#\/schema\/person\/image\/\",\"url\":\"https:\/\/secure.gravatar.com\/avatar\/b145880ed8fe411472f0558fa8f66fdfca9948f7e92af5121d94d07fd43a67ea?s=96&d=mm&r=g\",\"contentUrl\":\"https:\/\/secure.gravatar.com\/avatar\/b145880ed8fe411472f0558fa8f66fdfca9948f7e92af5121d94d07fd43a67ea?s=96&d=mm&r=g\",\"caption\":\"\u00c1lvaro Man\u00e9n\"}}]}<\/script>\n<!-- \/ Yoast SEO plugin. -->","yoast_head_json":{"title":"\"Fighting 31\": Una BMW R nineT Custom de LDK - Cafe Racer World","description":"Descubre la \"Fighting 31\" de Lord Drake Kustoms: Una BMW R nineT custom con acabado verde militar satinado, asiento a medida y modificaciones agresivas estilo caf\u00e9 racer.","robots":{"index":"index","follow":"follow","max-snippet":"max-snippet:-1","max-image-preview":"max-image-preview:large","max-video-preview":"max-video-preview:-1"},"canonical":"https:\/\/www.caferacerworld.com\/es\/fighting-31-una-bmw-r-ninet-custom-de-ldk\/","og_locale":"es_ES","og_type":"article","og_title":"\"Fighting 31\": Una BMW R nineT Custom de LDK - Cafe Racer World","og_description":"Descubre la \"Fighting 31\" de Lord Drake Kustoms: Una BMW R nineT custom con acabado verde militar satinado, asiento a medida y modificaciones agresivas estilo caf\u00e9 racer.","og_url":"https:\/\/www.caferacerworld.com\/es\/fighting-31-una-bmw-r-ninet-custom-de-ldk\/","og_site_name":"Cafe Racer World","article_publisher":"https:\/\/www.facebook.com\/profile.php?id=61579424306050","article_published_time":"2026-02-12T09:00:00+00:00","article_modified_time":"2026-02-16T16:41:41+00:00","og_image":[{"width":2560,"height":1706,"url":"https:\/\/www.caferacerworld.com\/wp-content\/uploads\/2026\/02\/BMW-FIGHTING-31-13-scaled.jpg","type":"image\/jpeg"}],"author":"\u00c1lvaro Man\u00e9n","twitter_card":"summary_large_image","twitter_misc":{"Escrito por":"\u00c1lvaro Man\u00e9n","Tiempo de lectura":"5 minutos"},"schema":{"@context":"https:\/\/schema.org","@graph":[{"@type":"Article","@id":"https:\/\/www.caferacerworld.com\/es\/fighting-31-una-bmw-r-ninet-custom-de-ldk\/#article","isPartOf":{"@id":"https:\/\/www.caferacerworld.com\/es\/fighting-31-una-bmw-r-ninet-custom-de-ldk\/"},"author":{"name":"\u00c1lvaro Man\u00e9n","@id":"https:\/\/www.caferacerworld.com\/es\/#\/schema\/person\/3eb7b97b03902bb2d3cc827be571043e"},"headline":"\u00abFighting 31\u00bb: Una BMW R nineT Custom de LDK","datePublished":"2026-02-12T09:00:00+00:00","dateModified":"2026-02-16T16:41:41+00:00","mainEntityOfPage":{"@id":"https:\/\/www.caferacerworld.com\/es\/fighting-31-una-bmw-r-ninet-custom-de-ldk\/"},"wordCount":604,"publisher":{"@id":"https:\/\/www.caferacerworld.com\/es\/#organization"},"image":{"@id":"https:\/\/www.caferacerworld.com\/es\/fighting-31-una-bmw-r-ninet-custom-de-ldk\/#primaryimage"},"thumbnailUrl":"https:\/\/www.caferacerworld.com\/wp-content\/uploads\/2026\/02\/BMW-FIGHTING-31-13-scaled.jpg","articleSection":["BMW","Cafe Racer","Motos","Neoracer"],"inLanguage":"es"},{"@type":"WebPage","@id":"https:\/\/www.caferacerworld.com\/es\/fighting-31-una-bmw-r-ninet-custom-de-ldk\/","url":"https:\/\/www.caferacerworld.com\/es\/fighting-31-una-bmw-r-ninet-custom-de-ldk\/","name":"\"Fighting 31\": Una BMW R nineT Custom de LDK - Cafe Racer World","isPartOf":{"@id":"https:\/\/www.caferacerworld.com\/es\/#website"},"primaryImageOfPage":{"@id":"https:\/\/www.caferacerworld.com\/es\/fighting-31-una-bmw-r-ninet-custom-de-ldk\/#primaryimage"},"image":{"@id":"https:\/\/www.caferacerworld.com\/es\/fighting-31-una-bmw-r-ninet-custom-de-ldk\/#primaryimage"},"thumbnailUrl":"https:\/\/www.caferacerworld.com\/wp-content\/uploads\/2026\/02\/BMW-FIGHTING-31-13-scaled.jpg","datePublished":"2026-02-12T09:00:00+00:00","dateModified":"2026-02-16T16:41:41+00:00","description":"Descubre la \"Fighting 31\" de Lord Drake Kustoms: Una BMW R nineT custom con acabado verde militar satinado, asiento a medida y modificaciones agresivas estilo caf\u00e9 racer.","breadcrumb":{"@id":"https:\/\/www.caferacerworld.com\/es\/fighting-31-una-bmw-r-ninet-custom-de-ldk\/#breadcrumb"},"inLanguage":"es","potentialAction":[{"@type":"ReadAction","target":["https:\/\/www.caferacerworld.com\/es\/fighting-31-una-bmw-r-ninet-custom-de-ldk\/"]}]},{"@type":"ImageObject","inLanguage":"es","@id":"https:\/\/www.caferacerworld.com\/es\/fighting-31-una-bmw-r-ninet-custom-de-ldk\/#primaryimage","url":"https:\/\/www.caferacerworld.com\/wp-content\/uploads\/2026\/02\/BMW-FIGHTING-31-13-scaled.jpg","contentUrl":"https:\/\/www.caferacerworld.com\/wp-content\/uploads\/2026\/02\/BMW-FIGHTING-31-13-scaled.jpg","width":2560,"height":1706},{"@type":"BreadcrumbList","@id":"https:\/\/www.caferacerworld.com\/es\/fighting-31-una-bmw-r-ninet-custom-de-ldk\/#breadcrumb","itemListElement":[{"@type":"ListItem","position":1,"name":"Portada","item":"https:\/\/www.caferacerworld.com\/es\/"},{"@type":"ListItem","position":2,"name":"\u00abFighting 31\u00bb: Una BMW R nineT Custom de LDK"}]},{"@type":"WebSite","@id":"https:\/\/www.caferacerworld.com\/es\/#website","url":"https:\/\/www.caferacerworld.com\/es\/","name":"Cafe Racer World","description":"","publisher":{"@id":"https:\/\/www.caferacerworld.com\/es\/#organization"},"potentialAction":[{"@type":"SearchAction","target":{"@type":"EntryPoint","urlTemplate":"https:\/\/www.caferacerworld.com\/es\/?s={search_term_string}"},"query-input":{"@type":"PropertyValueSpecification","valueRequired":true,"valueName":"search_term_string"}}],"inLanguage":"es"},{"@type":"Organization","@id":"https:\/\/www.caferacerworld.com\/es\/#organization","name":"Cafe Racer World","url":"https:\/\/www.caferacerworld.com\/es\/","logo":{"@type":"ImageObject","inLanguage":"es","@id":"https:\/\/www.caferacerworld.com\/es\/#\/schema\/logo\/image\/","url":"https:\/\/www.caferacerworld.com\/wp-content\/uploads\/2019\/10\/logo-crw-4-1.png","contentUrl":"https:\/\/www.caferacerworld.com\/wp-content\/uploads\/2019\/10\/logo-crw-4-1.png","width":540,"height":160,"caption":"Cafe Racer World"},"image":{"@id":"https:\/\/www.caferacerworld.com\/es\/#\/schema\/logo\/image\/"},"sameAs":["https:\/\/www.facebook.com\/profile.php?id=61579424306050","https:\/\/www.instagram.com\/caferacerworld_oficial\/"]},{"@type":"Person","@id":"https:\/\/www.caferacerworld.com\/es\/#\/schema\/person\/3eb7b97b03902bb2d3cc827be571043e","name":"\u00c1lvaro Man\u00e9n","image":{"@type":"ImageObject","inLanguage":"es","@id":"https:\/\/www.caferacerworld.com\/es\/#\/schema\/person\/image\/","url":"https:\/\/secure.gravatar.com\/avatar\/b145880ed8fe411472f0558fa8f66fdfca9948f7e92af5121d94d07fd43a67ea?s=96&d=mm&r=g","contentUrl":"https:\/\/secure.gravatar.com\/avatar\/b145880ed8fe411472f0558fa8f66fdfca9948f7e92af5121d94d07fd43a67ea?s=96&d=mm&r=g","caption":"\u00c1lvaro Man\u00e9n"}}]}},"featured_image_src":"https:\/\/www.caferacerworld.com\/wp-content\/uploads\/2026\/02\/BMW-FIGHTING-31-13-600x400.jpg","featured_image_src_square":"https:\/\/www.caferacerworld.com\/wp-content\/uploads\/2026\/02\/BMW-FIGHTING-31-13-600x600.jpg","author_info":{"display_name":"\u00c1lvaro Man\u00e9n","author_link":"https:\/\/www.caferacerworld.com\/es\/author\/alvaro\/"},"_links":{"self":[{"href":"https:\/\/www.caferacerworld.com\/es\/wp-json\/wp\/v2\/posts\/3562","targetHints":{"allow":["GET"]}}],"collection":[{"href":"https:\/\/www.caferacerworld.com\/es\/wp-json\/wp\/v2\/posts"}],"about":[{"href":"https:\/\/www.caferacerworld.com\/es\/wp-json\/wp\/v2\/types\/post"}],"author":[{"embeddable":true,"href":"https:\/\/www.caferacerworld.com\/es\/wp-json\/wp\/v2\/users\/2"}],"replies":[{"embeddable":true,"href":"https:\/\/www.caferacerworld.com\/es\/wp-json\/wp\/v2\/comments?post=3562"}],"version-history":[{"count":1,"href":"https:\/\/www.caferacerworld.com\/es\/wp-json\/wp\/v2\/posts\/3562\/revisions"}],"predecessor-version":[{"id":3567,"href":"https:\/\/www.caferacerworld.com\/es\/wp-json\/wp\/v2\/posts\/3562\/revisions\/3567"}],"wp:featuredmedia":[{"embeddable":true,"href":"https:\/\/www.caferacerworld.com\/es\/wp-json\/wp\/v2\/media\/3564"}],"wp:attachment":[{"href":"https:\/\/www.caferacerworld.com\/es\/wp-json\/wp\/v2\/media?parent=3562"}],"wp:term":[{"taxonomy":"category","embeddable":true,"href":"https:\/\/www.caferacerworld.com\/es\/wp-json\/wp\/v2\/categories?post=3562"},{"taxonomy":"post_tag","embeddable":true,"href":"https:\/\/www.caferacerworld.com\/es\/wp-json\/wp\/v2\/tags?post=3562"}],"curies":[{"name":"wp","href":"https:\/\/api.w.org\/{rel}","templated":true}]}}