{"id":3871,"date":"2026-08-06T12:06:43","date_gmt":"2026-08-06T10:06:43","guid":{"rendered":"https:\/\/www.caferacerworld.com\/?p=3871"},"modified":"2026-09-01T12:48:15","modified_gmt":"2026-09-01T10:48:15","slug":"mas-alla-del-boxer-la-royal-enfield-650-de-walzwerk","status":"publish","type":"post","link":"https:\/\/www.caferacerworld.com\/es\/mas-alla-del-boxer-la-royal-enfield-650-de-walzwerk\/","title":{"rendered":"M\u00e1s all\u00e1 del B\u00f3xer: La Royal Enfield 650 de WalzWerk"},"content":{"rendered":"\n<figure class=\"wp-block-image size-large\"><img loading=\"lazy\" decoding=\"async\" width=\"1024\" height=\"683\" src=\"https:\/\/www.caferacerworld.com\/wp-content\/uploads\/2026\/09\/image-1024x683.png\" alt=\"\" class=\"wp-image-3854\" srcset=\"https:\/\/www.caferacerworld.com\/wp-content\/uploads\/2026\/09\/image-1024x683.png 1024w, https:\/\/www.caferacerworld.com\/wp-content\/uploads\/2026\/09\/image-300x200.png 300w, https:\/\/www.caferacerworld.com\/wp-content\/uploads\/2026\/09\/image-767x512.png 767w, https:\/\/www.caferacerworld.com\/wp-content\/uploads\/2026\/09\/image-600x400.png 600w, https:\/\/www.caferacerworld.com\/wp-content\/uploads\/2026\/09\/image-1023x683.png 1023w, https:\/\/www.caferacerworld.com\/wp-content\/uploads\/2026\/09\/image-1319x880.png 1319w, https:\/\/www.caferacerworld.com\/wp-content\/uploads\/2026\/09\/image.png 1500w\" sizes=\"auto, (max-width: 1024px) 100vw, 1024px\" \/><\/figure>\n\n\n\n<p class=\"wp-block-paragraph\"><\/p>\n\n\n\n<p class=\"wp-block-paragraph\"><strong>Marcus Walz<\/strong> ha pasado d\u00e9cadas forjando una formidable reputaci\u00f3n, fundamentada principalmente en motocicletas BMW custom de alta gama y gran presupuesto. Sin embargo, para este proyecto, el constructor alem\u00e1n dirigi\u00f3 su atenci\u00f3n hacia una plataforma muy accesible: la <em>Royal Enfield 650<\/em>. En lugar de limitarse a instalar accesorios est\u00e9ticos atornillables (<em>bolt-on<\/em>), el equipo de <strong><a href=\"https:\/\/www.walzwerk-motorcycles.de\/\" target=\"_blank\" rel=\"noreferrer noopener\">WalzWerk<\/a><\/strong> abord\u00f3 la construcci\u00f3n con el objetivo de alterar la geometr\u00eda y la postura originales de la motocicleta para lograr un perfil <em>cafe racer<\/em> aut\u00e9ntico y bien proporcionado.<\/p>\n\n\n\n<p class=\"wp-block-paragraph\"><\/p>\n\n\n\n<h2 class=\"wp-block-heading\">Revisiones del chasis y la geometr\u00eda<\/h2>\n\n\n\n<p class=\"wp-block-paragraph\">Los cambios m\u00e1s impactantes en la Enfield se producen cerca del suelo. WalzWerk desech\u00f3 las llantas de f\u00e1brica est\u00e1ndar de 18 pulgadas, sustituy\u00e9ndolas por un par de aros Excel dorados: una unidad de 3.00&#215;17 pulgadas en la parte delantera y una m\u00e1s ancha de 4.25&#215;17 pulgadas en la trasera. Estas van calzadas con neum\u00e1ticos Dunlop Mutant (120\/70 y 170\/70, respectivamente).<\/p>\n\n\n\n<p class=\"wp-block-paragraph\">Instalar una rueda trasera m\u00e1s ancha sin comprometer la transmisi\u00f3n requiri\u00f3 convertir la moto a un paso de cadena 520 m\u00e1s estrecho, lo que incluye una corona de competici\u00f3n de aluminio fabricada a medida. Sin embargo, bajar la moto sobre ruedas m\u00e1s peque\u00f1as de 17 pulgadas y acortar el tren delantero corr\u00eda el riesgo de darle a la m\u00e1quina un aspecto achatado. Para contrarrestar esto, WalzWerk alarg\u00f3 el basculante en aproximadamente 25 mm e instal\u00f3 unos tensores de cadena propios mecanizados por CNC, otorgando a la motocicleta una postura m\u00e1s larga y baja.<\/p>\n\n\n\n<figure class=\"wp-block-image size-large\"><img loading=\"lazy\" decoding=\"async\" width=\"1024\" height=\"683\" src=\"https:\/\/www.caferacerworld.com\/wp-content\/uploads\/2026\/09\/image-1-1024x683.png\" alt=\"\" class=\"wp-image-3856\" srcset=\"https:\/\/www.caferacerworld.com\/wp-content\/uploads\/2026\/09\/image-1-1024x683.png 1024w, https:\/\/www.caferacerworld.com\/wp-content\/uploads\/2026\/09\/image-1-300x200.png 300w, https:\/\/www.caferacerworld.com\/wp-content\/uploads\/2026\/09\/image-1-600x400.png 600w, https:\/\/www.caferacerworld.com\/wp-content\/uploads\/2026\/09\/image-1-767x512.png 767w, https:\/\/www.caferacerworld.com\/wp-content\/uploads\/2026\/09\/image-1-1023x683.png 1023w, https:\/\/www.caferacerworld.com\/wp-content\/uploads\/2026\/09\/image-1-1319x880.png 1319w, https:\/\/www.caferacerworld.com\/wp-content\/uploads\/2026\/09\/image-1.png 1500w\" sizes=\"auto, (max-width: 1024px) 100vw, 1024px\" \/><\/figure>\n\n\n\n<p class=\"wp-block-paragraph\"><\/p>\n\n\n\n<h2 class=\"wp-block-heading\">Mejoras en la suspensi\u00f3n y los frenos<\/h2>\n\n\n\n<p class=\"wp-block-paragraph\">Para adaptarse a la geometr\u00eda revisada del chasis, la suspensi\u00f3n se modific\u00f3 por completo. Se conserv\u00f3 la horquilla convencional de f\u00e1brica, pero se acort\u00f3 en unos 50 mm. A nivel interno, se reconstruy\u00f3 utilizando muelles progresivos y se remat\u00f3 con nuevos ajustadores de precarga externos.<\/p>\n\n\n\n<figure class=\"wp-block-image size-large\"><img loading=\"lazy\" decoding=\"async\" width=\"1024\" height=\"683\" src=\"https:\/\/www.caferacerworld.com\/wp-content\/uploads\/2026\/09\/image-4-1024x683.png\" alt=\"\" class=\"wp-image-3862\" srcset=\"https:\/\/www.caferacerworld.com\/wp-content\/uploads\/2026\/09\/image-4-1024x683.png 1024w, https:\/\/www.caferacerworld.com\/wp-content\/uploads\/2026\/09\/image-4-300x200.png 300w, https:\/\/www.caferacerworld.com\/wp-content\/uploads\/2026\/09\/image-4-600x400.png 600w, https:\/\/www.caferacerworld.com\/wp-content\/uploads\/2026\/09\/image-4-767x512.png 767w, https:\/\/www.caferacerworld.com\/wp-content\/uploads\/2026\/09\/image-4-1023x683.png 1023w, https:\/\/www.caferacerworld.com\/wp-content\/uploads\/2026\/09\/image-4-1319x880.png 1319w, https:\/\/www.caferacerworld.com\/wp-content\/uploads\/2026\/09\/image-4.png 1500w\" sizes=\"auto, (max-width: 1024px) 100vw, 1024px\" \/><\/figure>\n\n\n\n<p class=\"wp-block-paragraph\"><\/p>\n\n\n\n<p class=\"wp-block-paragraph\">En la parte trasera, los econ\u00f3micos amortiguadores de f\u00e1brica fueron sustituidos por unas unidades YSS con dep\u00f3sito separado (<em>piggyback<\/em>). Estos ofrecen un ajuste completo en altura, compresi\u00f3n y rebote, permitiendo una puesta a punto precisa del chasis en lugar de una simple rebaja est\u00e9tica. Tambi\u00e9n se abord\u00f3 la capacidad de frenada, actualizando el sistema est\u00e1ndar con discos lobulados Galfer y pastillas sinterizadas Brembo.<\/p>\n\n\n\n<p class=\"wp-block-paragraph\"><\/p>\n\n\n\n<h2 class=\"wp-block-heading\">Estilizando el perfil<\/h2>\n\n\n\n<p class=\"wp-block-paragraph\">Las modificaciones est\u00e9ticas se ci\u00f1eron estrictamente a la filosof\u00eda <em>cafe racer<\/em>. La secci\u00f3n trasera de f\u00e1brica fue eliminada y sustituida por un subchasis propio de WalzWerk junto con un asiento cuidadosamente perfilado. Esto crea una \u00fanica l\u00ednea horizontal ininterrumpida que fluye desde la parte delantera del dep\u00f3sito de combustible hasta la rueda trasera.<\/p>\n\n\n\n<figure class=\"wp-block-image size-large\"><img loading=\"lazy\" decoding=\"async\" width=\"1024\" height=\"683\" src=\"https:\/\/www.caferacerworld.com\/wp-content\/uploads\/2026\/09\/image-2-1024x683.png\" alt=\"\" class=\"wp-image-3858\" srcset=\"https:\/\/www.caferacerworld.com\/wp-content\/uploads\/2026\/09\/image-2-1024x683.png 1024w, https:\/\/www.caferacerworld.com\/wp-content\/uploads\/2026\/09\/image-2-300x200.png 300w, https:\/\/www.caferacerworld.com\/wp-content\/uploads\/2026\/09\/image-2-600x400.png 600w, https:\/\/www.caferacerworld.com\/wp-content\/uploads\/2026\/09\/image-2-767x512.png 767w, https:\/\/www.caferacerworld.com\/wp-content\/uploads\/2026\/09\/image-2-1023x683.png 1023w, https:\/\/www.caferacerworld.com\/wp-content\/uploads\/2026\/09\/image-2-1319x880.png 1319w, https:\/\/www.caferacerworld.com\/wp-content\/uploads\/2026\/09\/image-2.png 1500w\" sizes=\"auto, (max-width: 1024px) 100vw, 1024px\" \/><\/figure>\n\n\n\n<p class=\"wp-block-paragraph\">La paleta de colores es oscura, con pintura negra y tapas del motor oscurecidas que contrastan con las aletas de refrigeraci\u00f3n en aleaci\u00f3n al natural. Para evitar que la moto tenga un aspecto completamente monocrom\u00e1tico, se introducen contrastes visuales mediante un fileteado dorado aplicado a mano (<em>pinstriping<\/em>), gr\u00e1ficos de WalzWerk a juego, la cadena dorada y los aros Excel en color oro.<\/p>\n\n\n\n<p class=\"wp-block-paragraph\"><\/p>\n\n\n\n<figure class=\"wp-block-image size-large\"><img loading=\"lazy\" decoding=\"async\" width=\"1024\" height=\"683\" src=\"https:\/\/www.caferacerworld.com\/wp-content\/uploads\/2026\/09\/image-3-1024x683.png\" alt=\"\" class=\"wp-image-3860\" srcset=\"https:\/\/www.caferacerworld.com\/wp-content\/uploads\/2026\/09\/image-3-1024x683.png 1024w, https:\/\/www.caferacerworld.com\/wp-content\/uploads\/2026\/09\/image-3-300x200.png 300w, https:\/\/www.caferacerworld.com\/wp-content\/uploads\/2026\/09\/image-3-600x400.png 600w, https:\/\/www.caferacerworld.com\/wp-content\/uploads\/2026\/09\/image-3-767x512.png 767w, https:\/\/www.caferacerworld.com\/wp-content\/uploads\/2026\/09\/image-3-1023x683.png 1023w, https:\/\/www.caferacerworld.com\/wp-content\/uploads\/2026\/09\/image-3-1319x880.png 1319w, https:\/\/www.caferacerworld.com\/wp-content\/uploads\/2026\/09\/image-3.png 1500w\" sizes=\"auto, (max-width: 1024px) 100vw, 1024px\" \/><\/figure>\n\n\n\n<p class=\"wp-block-paragraph\"><\/p>\n\n\n\n<h2 class=\"wp-block-heading\">Delantera y escape<\/h2>\n\n\n\n<p class=\"wp-block-paragraph\">La parte frontal de la motocicleta se despej\u00f3 dr\u00e1sticamente. El interruptor de encendido de f\u00e1brica se retir\u00f3 de su ubicaci\u00f3n original y se reubic\u00f3 en un soporte espec\u00edfico situado debajo del cuerpo de mariposa izquierdo. Del mismo modo, el doble claxon \u2014que normalmente va montado de forma prominente frente a la culata\u2014 se ocult\u00f3 de la vista ubic\u00e1ndolo debajo del dep\u00f3sito de combustible.<\/p>\n\n\n\n<figure class=\"wp-block-gallery has-nested-images columns-default is-cropped wp-block-gallery-1 is-layout-flex wp-block-gallery-is-layout-flex\">\n<figure class=\"wp-block-image size-large\"><img loading=\"lazy\" decoding=\"async\" width=\"1024\" height=\"683\" data-id=\"3864\" src=\"https:\/\/www.caferacerworld.com\/wp-content\/uploads\/2026\/09\/image-5-1024x683.png\" alt=\"\" class=\"wp-image-3864\" srcset=\"https:\/\/www.caferacerworld.com\/wp-content\/uploads\/2026\/09\/image-5-1024x683.png 1024w, https:\/\/www.caferacerworld.com\/wp-content\/uploads\/2026\/09\/image-5-300x200.png 300w, https:\/\/www.caferacerworld.com\/wp-content\/uploads\/2026\/09\/image-5-600x400.png 600w, https:\/\/www.caferacerworld.com\/wp-content\/uploads\/2026\/09\/image-5-767x512.png 767w, https:\/\/www.caferacerworld.com\/wp-content\/uploads\/2026\/09\/image-5-1023x683.png 1023w, https:\/\/www.caferacerworld.com\/wp-content\/uploads\/2026\/09\/image-5-1319x880.png 1319w, https:\/\/www.caferacerworld.com\/wp-content\/uploads\/2026\/09\/image-5.png 1500w\" sizes=\"auto, (max-width: 1024px) 100vw, 1024px\" \/><\/figure>\n\n\n\n<figure class=\"wp-block-image size-large\"><img loading=\"lazy\" decoding=\"async\" width=\"1024\" height=\"683\" data-id=\"3866\" src=\"https:\/\/www.caferacerworld.com\/wp-content\/uploads\/2026\/09\/image-6-1024x683.png\" alt=\"\" class=\"wp-image-3866\" srcset=\"https:\/\/www.caferacerworld.com\/wp-content\/uploads\/2026\/09\/image-6-1024x683.png 1024w, https:\/\/www.caferacerworld.com\/wp-content\/uploads\/2026\/09\/image-6-300x200.png 300w, https:\/\/www.caferacerworld.com\/wp-content\/uploads\/2026\/09\/image-6-600x400.png 600w, https:\/\/www.caferacerworld.com\/wp-content\/uploads\/2026\/09\/image-6-767x512.png 767w, https:\/\/www.caferacerworld.com\/wp-content\/uploads\/2026\/09\/image-6-1023x683.png 1023w, https:\/\/www.caferacerworld.com\/wp-content\/uploads\/2026\/09\/image-6-1319x880.png 1319w, https:\/\/www.caferacerworld.com\/wp-content\/uploads\/2026\/09\/image-6.png 1500w\" sizes=\"auto, (max-width: 1024px) 100vw, 1024px\" \/><\/figure>\n<\/figure>\n\n\n\n<p class=\"wp-block-paragraph\"><\/p>\n\n\n\n<p class=\"wp-block-paragraph\">En la parte superior, una tija superior a medida, mecanizada por CNC en aluminio macizo, despeja el campo de visi\u00f3n del piloto. Se complementa con semimanillares bajos, manetas de freno y embrague CNC totalmente ajustables, y una diminuta instrumentaci\u00f3n anal\u00f3gica escondida detr\u00e1s de una c\u00fapula ahumada. La iluminaci\u00f3n corre a cargo de un faro LED alojado en un peque\u00f1o carenado de WalzWerk.<\/p>\n\n\n\n<p class=\"wp-block-paragraph\">Para completar la construcci\u00f3n, el motor respira a trav\u00e9s de un sistema de escape con doble silenciador. Aunque los clientes pueden optar por acero inoxidable cepillado, esta unidad en particular presenta un acabado cer\u00e1mico negro que se mimetiza visualmente con el chasis, garantizando que el conjunto mec\u00e1nico se mantenga como el verdadero foco de atenci\u00f3n.<\/p>\n\n\n\n<p class=\"wp-block-paragraph\">\ud83d\udd17<a href=\"https:\/\/www.walzwerk-motorcycles.de\/\" target=\"_blank\" rel=\"noopener\">WalzWerk Motorcycles<\/a>&nbsp;|&nbsp;<a href=\"https:\/\/www.instagram.com\/walzwerk_motorcycles\/\" target=\"_blank\" rel=\"noopener\">@walzwerk_motorcycles<\/a><\/p>\n\n\n\n<figure class=\"wp-block-image size-large\"><img loading=\"lazy\" decoding=\"async\" width=\"1024\" height=\"683\" src=\"https:\/\/www.caferacerworld.com\/wp-content\/uploads\/2026\/09\/image-7-1024x683.png\" alt=\"\" class=\"wp-image-3868\" srcset=\"https:\/\/www.caferacerworld.com\/wp-content\/uploads\/2026\/09\/image-7-1024x683.png 1024w, https:\/\/www.caferacerworld.com\/wp-content\/uploads\/2026\/09\/image-7-300x200.png 300w, https:\/\/www.caferacerworld.com\/wp-content\/uploads\/2026\/09\/image-7-767x512.png 767w, https:\/\/www.caferacerworld.com\/wp-content\/uploads\/2026\/09\/image-7-600x400.png 600w, https:\/\/www.caferacerworld.com\/wp-content\/uploads\/2026\/09\/image-7-1023x683.png 1023w, https:\/\/www.caferacerworld.com\/wp-content\/uploads\/2026\/09\/image-7-1319x880.png 1319w, https:\/\/www.caferacerworld.com\/wp-content\/uploads\/2026\/09\/image-7.png 1500w\" sizes=\"auto, (max-width: 1024px) 100vw, 1024px\" \/><\/figure>\n","protected":false},"excerpt":{"rendered":"<p>Marcus Walz ha pasado d\u00e9cadas forjando una formidable reputaci\u00f3n, fundamentada principalmente en motocicletas BMW custom de alta gama<\/p>\n","protected":false},"author":2,"featured_media":3855,"comment_status":"closed","ping_status":"closed","sticky":false,"template":"","format":"standard","meta":{"footnotes":""},"categories":[5,45,38],"tags":[],"class_list":["post-3871","post","type-post","status-publish","format-standard","has-post-thumbnail","hentry","category-cafe-racer","category-motos","category-royal-enfield"],"yoast_head":"<!-- This site is optimized with the Yoast SEO plugin v25.4 - https:\/\/yoast.com\/wordpress\/plugins\/seo\/ -->\n<title>M\u00e1s all\u00e1 del B\u00f3xer: La Royal Enfield 650 de WalzWerk - Cafe Racer World<\/title>\n<meta name=\"description\" content=\"Alej\u00e1ndose de sus habituales proyectos BMW, Marcus Walz afronta un nuevo desaf\u00edo. Explora la ingenier\u00eda detr\u00e1s de la Royal Enfield 650 de WalzWerk.\" \/>\n<meta name=\"robots\" content=\"index, follow, max-snippet:-1, max-image-preview:large, max-video-preview:-1\" \/>\n<link rel=\"canonical\" href=\"https:\/\/www.caferacerworld.com\/es\/mas-alla-del-boxer-la-royal-enfield-650-de-walzwerk\/\" \/>\n<meta property=\"og:locale\" content=\"es_ES\" \/>\n<meta property=\"og:type\" content=\"article\" \/>\n<meta property=\"og:title\" content=\"M\u00e1s all\u00e1 del B\u00f3xer: La Royal Enfield 650 de WalzWerk - Cafe Racer World\" \/>\n<meta property=\"og:description\" content=\"Alej\u00e1ndose de sus habituales proyectos BMW, Marcus Walz afronta un nuevo desaf\u00edo. Explora la ingenier\u00eda detr\u00e1s de la Royal Enfield 650 de WalzWerk.\" \/>\n<meta property=\"og:url\" content=\"https:\/\/www.caferacerworld.com\/es\/mas-alla-del-boxer-la-royal-enfield-650-de-walzwerk\/\" \/>\n<meta property=\"og:site_name\" content=\"Cafe Racer World\" \/>\n<meta property=\"article:publisher\" content=\"https:\/\/www.facebook.com\/profile.php?id=61579424306050\" \/>\n<meta property=\"article:published_time\" content=\"2026-08-06T10:06:43+00:00\" \/>\n<meta property=\"article:modified_time\" content=\"2026-09-01T10:48:15+00:00\" \/>\n<meta property=\"og:image\" content=\"https:\/\/www.caferacerworld.com\/wp-content\/uploads\/2026\/09\/image.png\" \/>\n\t<meta property=\"og:image:width\" content=\"1500\" \/>\n\t<meta property=\"og:image:height\" content=\"1001\" \/>\n\t<meta property=\"og:image:type\" content=\"image\/png\" \/>\n<meta name=\"author\" content=\"\u00c1lvaro Man\u00e9n\" \/>\n<meta name=\"twitter:card\" content=\"summary_large_image\" \/>\n<meta name=\"twitter:label1\" content=\"Escrito por\" \/>\n\t<meta name=\"twitter:data1\" content=\"\u00c1lvaro Man\u00e9n\" \/>\n\t<meta name=\"twitter:label2\" content=\"Tiempo de lectura\" \/>\n\t<meta name=\"twitter:data2\" content=\"5 minutos\" \/>\n<script type=\"application\/ld+json\" class=\"yoast-schema-graph\">{\"@context\":\"https:\/\/schema.org\",\"@graph\":[{\"@type\":\"Article\",\"@id\":\"https:\/\/www.caferacerworld.com\/es\/mas-alla-del-boxer-la-royal-enfield-650-de-walzwerk\/#article\",\"isPartOf\":{\"@id\":\"https:\/\/www.caferacerworld.com\/es\/mas-alla-del-boxer-la-royal-enfield-650-de-walzwerk\/\"},\"author\":{\"name\":\"\u00c1lvaro Man\u00e9n\",\"@id\":\"https:\/\/www.caferacerworld.com\/es\/#\/schema\/person\/3eb7b97b03902bb2d3cc827be571043e\"},\"headline\":\"M\u00e1s all\u00e1 del B\u00f3xer: La Royal Enfield 650 de WalzWerk\",\"datePublished\":\"2026-08-06T10:06:43+00:00\",\"dateModified\":\"2026-09-01T10:48:15+00:00\",\"mainEntityOfPage\":{\"@id\":\"https:\/\/www.caferacerworld.com\/es\/mas-alla-del-boxer-la-royal-enfield-650-de-walzwerk\/\"},\"wordCount\":730,\"publisher\":{\"@id\":\"https:\/\/www.caferacerworld.com\/es\/#organization\"},\"image\":{\"@id\":\"https:\/\/www.caferacerworld.com\/es\/mas-alla-del-boxer-la-royal-enfield-650-de-walzwerk\/#primaryimage\"},\"thumbnailUrl\":\"https:\/\/www.caferacerworld.com\/wp-content\/uploads\/2026\/09\/image.png\",\"articleSection\":[\"Cafe Racer\",\"Motos\",\"Royal Enfield\"],\"inLanguage\":\"es\"},{\"@type\":\"WebPage\",\"@id\":\"https:\/\/www.caferacerworld.com\/es\/mas-alla-del-boxer-la-royal-enfield-650-de-walzwerk\/\",\"url\":\"https:\/\/www.caferacerworld.com\/es\/mas-alla-del-boxer-la-royal-enfield-650-de-walzwerk\/\",\"name\":\"M\u00e1s all\u00e1 del B\u00f3xer: La Royal Enfield 650 de WalzWerk - Cafe Racer World\",\"isPartOf\":{\"@id\":\"https:\/\/www.caferacerworld.com\/es\/#website\"},\"primaryImageOfPage\":{\"@id\":\"https:\/\/www.caferacerworld.com\/es\/mas-alla-del-boxer-la-royal-enfield-650-de-walzwerk\/#primaryimage\"},\"image\":{\"@id\":\"https:\/\/www.caferacerworld.com\/es\/mas-alla-del-boxer-la-royal-enfield-650-de-walzwerk\/#primaryimage\"},\"thumbnailUrl\":\"https:\/\/www.caferacerworld.com\/wp-content\/uploads\/2026\/09\/image.png\",\"datePublished\":\"2026-08-06T10:06:43+00:00\",\"dateModified\":\"2026-09-01T10:48:15+00:00\",\"description\":\"Alej\u00e1ndose de sus habituales proyectos BMW, Marcus Walz afronta un nuevo desaf\u00edo. Explora la ingenier\u00eda detr\u00e1s de la Royal Enfield 650 de WalzWerk.\",\"breadcrumb\":{\"@id\":\"https:\/\/www.caferacerworld.com\/es\/mas-alla-del-boxer-la-royal-enfield-650-de-walzwerk\/#breadcrumb\"},\"inLanguage\":\"es\",\"potentialAction\":[{\"@type\":\"ReadAction\",\"target\":[\"https:\/\/www.caferacerworld.com\/es\/mas-alla-del-boxer-la-royal-enfield-650-de-walzwerk\/\"]}]},{\"@type\":\"ImageObject\",\"inLanguage\":\"es\",\"@id\":\"https:\/\/www.caferacerworld.com\/es\/mas-alla-del-boxer-la-royal-enfield-650-de-walzwerk\/#primaryimage\",\"url\":\"https:\/\/www.caferacerworld.com\/wp-content\/uploads\/2026\/09\/image.png\",\"contentUrl\":\"https:\/\/www.caferacerworld.com\/wp-content\/uploads\/2026\/09\/image.png\",\"width\":1500,\"height\":1001},{\"@type\":\"BreadcrumbList\",\"@id\":\"https:\/\/www.caferacerworld.com\/es\/mas-alla-del-boxer-la-royal-enfield-650-de-walzwerk\/#breadcrumb\",\"itemListElement\":[{\"@type\":\"ListItem\",\"position\":1,\"name\":\"Portada\",\"item\":\"https:\/\/www.caferacerworld.com\/es\/\"},{\"@type\":\"ListItem\",\"position\":2,\"name\":\"M\u00e1s all\u00e1 del B\u00f3xer: La Royal Enfield 650 de WalzWerk\"}]},{\"@type\":\"WebSite\",\"@id\":\"https:\/\/www.caferacerworld.com\/es\/#website\",\"url\":\"https:\/\/www.caferacerworld.com\/es\/\",\"name\":\"Cafe Racer World\",\"description\":\"\",\"publisher\":{\"@id\":\"https:\/\/www.caferacerworld.com\/es\/#organization\"},\"potentialAction\":[{\"@type\":\"SearchAction\",\"target\":{\"@type\":\"EntryPoint\",\"urlTemplate\":\"https:\/\/www.caferacerworld.com\/es\/?s={search_term_string}\"},\"query-input\":{\"@type\":\"PropertyValueSpecification\",\"valueRequired\":true,\"valueName\":\"search_term_string\"}}],\"inLanguage\":\"es\"},{\"@type\":\"Organization\",\"@id\":\"https:\/\/www.caferacerworld.com\/es\/#organization\",\"name\":\"Cafe Racer World\",\"url\":\"https:\/\/www.caferacerworld.com\/es\/\",\"logo\":{\"@type\":\"ImageObject\",\"inLanguage\":\"es\",\"@id\":\"https:\/\/www.caferacerworld.com\/es\/#\/schema\/logo\/image\/\",\"url\":\"https:\/\/www.caferacerworld.com\/wp-content\/uploads\/2019\/10\/logo-crw-4-1.png\",\"contentUrl\":\"https:\/\/www.caferacerworld.com\/wp-content\/uploads\/2019\/10\/logo-crw-4-1.png\",\"width\":540,\"height\":160,\"caption\":\"Cafe Racer World\"},\"image\":{\"@id\":\"https:\/\/www.caferacerworld.com\/es\/#\/schema\/logo\/image\/\"},\"sameAs\":[\"https:\/\/www.facebook.com\/profile.php?id=61579424306050\",\"https:\/\/www.instagram.com\/caferacerworld_oficial\/\"]},{\"@type\":\"Person\",\"@id\":\"https:\/\/www.caferacerworld.com\/es\/#\/schema\/person\/3eb7b97b03902bb2d3cc827be571043e\",\"name\":\"\u00c1lvaro Man\u00e9n\",\"image\":{\"@type\":\"ImageObject\",\"inLanguage\":\"es\",\"@id\":\"https:\/\/www.caferacerworld.com\/es\/#\/schema\/person\/image\/\",\"url\":\"https:\/\/secure.gravatar.com\/avatar\/b145880ed8fe411472f0558fa8f66fdfca9948f7e92af5121d94d07fd43a67ea?s=96&d=mm&r=g\",\"contentUrl\":\"https:\/\/secure.gravatar.com\/avatar\/b145880ed8fe411472f0558fa8f66fdfca9948f7e92af5121d94d07fd43a67ea?s=96&d=mm&r=g\",\"caption\":\"\u00c1lvaro Man\u00e9n\"}}]}<\/script>\n<!-- \/ Yoast SEO plugin. -->","yoast_head_json":{"title":"M\u00e1s all\u00e1 del B\u00f3xer: La Royal Enfield 650 de WalzWerk - Cafe Racer World","description":"Alej\u00e1ndose de sus habituales proyectos BMW, Marcus Walz afronta un nuevo desaf\u00edo. Explora la ingenier\u00eda detr\u00e1s de la Royal Enfield 650 de WalzWerk.","robots":{"index":"index","follow":"follow","max-snippet":"max-snippet:-1","max-image-preview":"max-image-preview:large","max-video-preview":"max-video-preview:-1"},"canonical":"https:\/\/www.caferacerworld.com\/es\/mas-alla-del-boxer-la-royal-enfield-650-de-walzwerk\/","og_locale":"es_ES","og_type":"article","og_title":"M\u00e1s all\u00e1 del B\u00f3xer: La Royal Enfield 650 de WalzWerk - Cafe Racer World","og_description":"Alej\u00e1ndose de sus habituales proyectos BMW, Marcus Walz afronta un nuevo desaf\u00edo. Explora la ingenier\u00eda detr\u00e1s de la Royal Enfield 650 de WalzWerk.","og_url":"https:\/\/www.caferacerworld.com\/es\/mas-alla-del-boxer-la-royal-enfield-650-de-walzwerk\/","og_site_name":"Cafe Racer World","article_publisher":"https:\/\/www.facebook.com\/profile.php?id=61579424306050","article_published_time":"2026-08-06T10:06:43+00:00","article_modified_time":"2026-09-01T10:48:15+00:00","og_image":[{"width":1500,"height":1001,"url":"https:\/\/www.caferacerworld.com\/wp-content\/uploads\/2026\/09\/image.png","type":"image\/png"}],"author":"\u00c1lvaro Man\u00e9n","twitter_card":"summary_large_image","twitter_misc":{"Escrito por":"\u00c1lvaro Man\u00e9n","Tiempo de lectura":"5 minutos"},"schema":{"@context":"https:\/\/schema.org","@graph":[{"@type":"Article","@id":"https:\/\/www.caferacerworld.com\/es\/mas-alla-del-boxer-la-royal-enfield-650-de-walzwerk\/#article","isPartOf":{"@id":"https:\/\/www.caferacerworld.com\/es\/mas-alla-del-boxer-la-royal-enfield-650-de-walzwerk\/"},"author":{"name":"\u00c1lvaro Man\u00e9n","@id":"https:\/\/www.caferacerworld.com\/es\/#\/schema\/person\/3eb7b97b03902bb2d3cc827be571043e"},"headline":"M\u00e1s all\u00e1 del B\u00f3xer: La Royal Enfield 650 de WalzWerk","datePublished":"2026-08-06T10:06:43+00:00","dateModified":"2026-09-01T10:48:15+00:00","mainEntityOfPage":{"@id":"https:\/\/www.caferacerworld.com\/es\/mas-alla-del-boxer-la-royal-enfield-650-de-walzwerk\/"},"wordCount":730,"publisher":{"@id":"https:\/\/www.caferacerworld.com\/es\/#organization"},"image":{"@id":"https:\/\/www.caferacerworld.com\/es\/mas-alla-del-boxer-la-royal-enfield-650-de-walzwerk\/#primaryimage"},"thumbnailUrl":"https:\/\/www.caferacerworld.com\/wp-content\/uploads\/2026\/09\/image.png","articleSection":["Cafe Racer","Motos","Royal Enfield"],"inLanguage":"es"},{"@type":"WebPage","@id":"https:\/\/www.caferacerworld.com\/es\/mas-alla-del-boxer-la-royal-enfield-650-de-walzwerk\/","url":"https:\/\/www.caferacerworld.com\/es\/mas-alla-del-boxer-la-royal-enfield-650-de-walzwerk\/","name":"M\u00e1s all\u00e1 del B\u00f3xer: La Royal Enfield 650 de WalzWerk - Cafe Racer World","isPartOf":{"@id":"https:\/\/www.caferacerworld.com\/es\/#website"},"primaryImageOfPage":{"@id":"https:\/\/www.caferacerworld.com\/es\/mas-alla-del-boxer-la-royal-enfield-650-de-walzwerk\/#primaryimage"},"image":{"@id":"https:\/\/www.caferacerworld.com\/es\/mas-alla-del-boxer-la-royal-enfield-650-de-walzwerk\/#primaryimage"},"thumbnailUrl":"https:\/\/www.caferacerworld.com\/wp-content\/uploads\/2026\/09\/image.png","datePublished":"2026-08-06T10:06:43+00:00","dateModified":"2026-09-01T10:48:15+00:00","description":"Alej\u00e1ndose de sus habituales proyectos BMW, Marcus Walz afronta un nuevo desaf\u00edo. Explora la ingenier\u00eda detr\u00e1s de la Royal Enfield 650 de WalzWerk.","breadcrumb":{"@id":"https:\/\/www.caferacerworld.com\/es\/mas-alla-del-boxer-la-royal-enfield-650-de-walzwerk\/#breadcrumb"},"inLanguage":"es","potentialAction":[{"@type":"ReadAction","target":["https:\/\/www.caferacerworld.com\/es\/mas-alla-del-boxer-la-royal-enfield-650-de-walzwerk\/"]}]},{"@type":"ImageObject","inLanguage":"es","@id":"https:\/\/www.caferacerworld.com\/es\/mas-alla-del-boxer-la-royal-enfield-650-de-walzwerk\/#primaryimage","url":"https:\/\/www.caferacerworld.com\/wp-content\/uploads\/2026\/09\/image.png","contentUrl":"https:\/\/www.caferacerworld.com\/wp-content\/uploads\/2026\/09\/image.png","width":1500,"height":1001},{"@type":"BreadcrumbList","@id":"https:\/\/www.caferacerworld.com\/es\/mas-alla-del-boxer-la-royal-enfield-650-de-walzwerk\/#breadcrumb","itemListElement":[{"@type":"ListItem","position":1,"name":"Portada","item":"https:\/\/www.caferacerworld.com\/es\/"},{"@type":"ListItem","position":2,"name":"M\u00e1s all\u00e1 del B\u00f3xer: La Royal Enfield 650 de WalzWerk"}]},{"@type":"WebSite","@id":"https:\/\/www.caferacerworld.com\/es\/#website","url":"https:\/\/www.caferacerworld.com\/es\/","name":"Cafe Racer World","description":"","publisher":{"@id":"https:\/\/www.caferacerworld.com\/es\/#organization"},"potentialAction":[{"@type":"SearchAction","target":{"@type":"EntryPoint","urlTemplate":"https:\/\/www.caferacerworld.com\/es\/?s={search_term_string}"},"query-input":{"@type":"PropertyValueSpecification","valueRequired":true,"valueName":"search_term_string"}}],"inLanguage":"es"},{"@type":"Organization","@id":"https:\/\/www.caferacerworld.com\/es\/#organization","name":"Cafe Racer World","url":"https:\/\/www.caferacerworld.com\/es\/","logo":{"@type":"ImageObject","inLanguage":"es","@id":"https:\/\/www.caferacerworld.com\/es\/#\/schema\/logo\/image\/","url":"https:\/\/www.caferacerworld.com\/wp-content\/uploads\/2019\/10\/logo-crw-4-1.png","contentUrl":"https:\/\/www.caferacerworld.com\/wp-content\/uploads\/2019\/10\/logo-crw-4-1.png","width":540,"height":160,"caption":"Cafe Racer World"},"image":{"@id":"https:\/\/www.caferacerworld.com\/es\/#\/schema\/logo\/image\/"},"sameAs":["https:\/\/www.facebook.com\/profile.php?id=61579424306050","https:\/\/www.instagram.com\/caferacerworld_oficial\/"]},{"@type":"Person","@id":"https:\/\/www.caferacerworld.com\/es\/#\/schema\/person\/3eb7b97b03902bb2d3cc827be571043e","name":"\u00c1lvaro Man\u00e9n","image":{"@type":"ImageObject","inLanguage":"es","@id":"https:\/\/www.caferacerworld.com\/es\/#\/schema\/person\/image\/","url":"https:\/\/secure.gravatar.com\/avatar\/b145880ed8fe411472f0558fa8f66fdfca9948f7e92af5121d94d07fd43a67ea?s=96&d=mm&r=g","contentUrl":"https:\/\/secure.gravatar.com\/avatar\/b145880ed8fe411472f0558fa8f66fdfca9948f7e92af5121d94d07fd43a67ea?s=96&d=mm&r=g","caption":"\u00c1lvaro Man\u00e9n"}}]}},"featured_image_src":"https:\/\/www.caferacerworld.com\/wp-content\/uploads\/2026\/09\/image.png","featured_image_src_square":"https:\/\/www.caferacerworld.com\/wp-content\/uploads\/2026\/09\/image.png","author_info":{"display_name":"\u00c1lvaro Man\u00e9n","author_link":"https:\/\/www.caferacerworld.com\/es\/author\/alvaro\/"},"_links":{"self":[{"href":"https:\/\/www.caferacerworld.com\/es\/wp-json\/wp\/v2\/posts\/3871","targetHints":{"allow":["GET"]}}],"collection":[{"href":"https:\/\/www.caferacerworld.com\/es\/wp-json\/wp\/v2\/posts"}],"about":[{"href":"https:\/\/www.caferacerworld.com\/es\/wp-json\/wp\/v2\/types\/post"}],"author":[{"embeddable":true,"href":"https:\/\/www.caferacerworld.com\/es\/wp-json\/wp\/v2\/users\/2"}],"replies":[{"embeddable":true,"href":"https:\/\/www.caferacerworld.com\/es\/wp-json\/wp\/v2\/comments?post=3871"}],"version-history":[{"count":1,"href":"https:\/\/www.caferacerworld.com\/es\/wp-json\/wp\/v2\/posts\/3871\/revisions"}],"predecessor-version":[{"id":3872,"href":"https:\/\/www.caferacerworld.com\/es\/wp-json\/wp\/v2\/posts\/3871\/revisions\/3872"}],"wp:featuredmedia":[{"embeddable":true,"href":"https:\/\/www.caferacerworld.com\/es\/wp-json\/wp\/v2\/media\/3855"}],"wp:attachment":[{"href":"https:\/\/www.caferacerworld.com\/es\/wp-json\/wp\/v2\/media?parent=3871"}],"wp:term":[{"taxonomy":"category","embeddable":true,"href":"https:\/\/www.caferacerworld.com\/es\/wp-json\/wp\/v2\/categories?post=3871"},{"taxonomy":"post_tag","embeddable":true,"href":"https:\/\/www.caferacerworld.com\/es\/wp-json\/wp\/v2\/tags?post=3871"}],"curies":[{"name":"wp","href":"https:\/\/api.w.org\/{rel}","templated":true}]}}