{"id":503,"date":"2019-11-06T21:58:09","date_gmt":"2019-11-06T20:58:09","guid":{"rendered":"https:\/\/www.caferacerworld.com\/?p=503"},"modified":"2025-09-02T10:34:54","modified_gmt":"2025-09-02T08:34:54","slug":"a-harley-full-of-color","status":"publish","type":"post","link":"https:\/\/www.caferacerworld.com\/es\/a-harley-full-of-color\/","title":{"rendered":"Una Harley llena de color"},"content":{"rendered":"\n<p>Es quiz\u00e1 una de las <em>Harley custom<\/em> que m\u00e1s ha dado que hablar este a\u00f1o. Esta <strong>\u00abHarley Agathizada\u00bb<\/strong> ha tenido tanto defensores como detractores, puede que te guste o no, pero todos podemos coincidir en algo: e<strong>s la moto modificada m\u00e1s original que habr\u00e1s visto en mucho tiempo.<\/strong><\/p>\n\n\n\n<p><\/p>\n\n\n\n<figure class=\"wp-block-image\"><a href=\"https:\/\/www.caferacerworld.com\/wp-content\/uploads\/2019\/11\/Agatha-Lord-Drake-2.jpg\"><img loading=\"lazy\" decoding=\"async\" width=\"1024\" height=\"683\" src=\"https:\/\/www.caferacerworld.com\/wp-content\/uploads\/2019\/11\/Agatha-Lord-Drake-2-1024x683.jpg\" alt=\"&quot;Harley Agathizada&quot; by Lord Drake Kustoms and Agatha Ruiz de la Prada\" class=\"wp-image-509\" srcset=\"https:\/\/www.caferacerworld.com\/wp-content\/uploads\/2019\/11\/Agatha-Lord-Drake-2-1024x683.jpg 1024w, https:\/\/www.caferacerworld.com\/wp-content\/uploads\/2019\/11\/Agatha-Lord-Drake-2-300x200.jpg 300w, https:\/\/www.caferacerworld.com\/wp-content\/uploads\/2019\/11\/Agatha-Lord-Drake-2-768x512.jpg 768w, https:\/\/www.caferacerworld.com\/wp-content\/uploads\/2019\/11\/Agatha-Lord-Drake-2-600x400.jpg 600w, https:\/\/www.caferacerworld.com\/wp-content\/uploads\/2019\/11\/Agatha-Lord-Drake-2.jpg 1980w\" sizes=\"auto, (max-width: 1024px) 100vw, 1024px\" \/><\/a><\/figure>\n\n\n\n<p><\/p>\n\n\n\n<p>Esta uni\u00f3n de conceptos tan diferentes como juntar la iconograf\u00eda de una dise\u00f1adora tan conocida y relevante como <strong><a href=\"https:\/\/www.agatharuizdelaprada.com\/es\/\" target=\"_blank\" rel=\"noreferrer noopener\">\u00c1gatha Ruiz de la Prada<\/a><\/strong> con el mundo de las motocicletas nos pill\u00f3 a todos por sorpresa. Y funciona; al final, Fran Manen y su taller de modificaci\u00f3n de motos, <strong><a href=\"https:\/\/www.lorddrakekustoms.com\" target=\"_blank\" rel=\"noreferrer noopener\">Lord Drake Kustoms<\/a><\/strong>, lograron algo por lo que muchos nunca habr\u00edan apostado.<\/p>\n\n\n\n<p><\/p>\n\n\n\n<h2 class=\"wp-block-heading\">La concepci\u00f3n en Miami<\/h2>\n\n\n\n<p>Fran nos cuenta que <strong>todo surgi\u00f3 en Miami<\/strong> a principios del verano pasado. Fue all\u00ed donde acudi\u00f3 para presentar <strong>dos motocicletas personalizadas<\/strong> por \u00e9l, que iban a ser subastadas en la gala ben\u00e9fica que Antonio Banderas organiza cada a\u00f1o dentro de la <strong>Miami Fashion Week<\/strong>, a beneficio del <strong>Hospital Infantil Nicklaus<\/strong> y la <strong>Fundaci\u00f3n \u201cL\u00e1grimas y Favores\u201d<\/strong>.<\/p>\n\n\n\n<p><\/p>\n\n\n\n<p><\/p>\n\n\n\n<figure class=\"wp-block-image\"><a href=\"https:\/\/www.caferacerworld.com\/wp-content\/uploads\/2019\/11\/Agatha-Lord-Drake-4.jpg\"><img loading=\"lazy\" decoding=\"async\" width=\"1024\" height=\"683\" src=\"https:\/\/www.caferacerworld.com\/wp-content\/uploads\/2019\/11\/Agatha-Lord-Drake-4-1024x683.jpg\" alt=\"&quot;Harley Agathizada&quot; by Lord Drake Kustoms and Agatha Ruiz de la Prada\" class=\"wp-image-510\" srcset=\"https:\/\/www.caferacerworld.com\/wp-content\/uploads\/2019\/11\/Agatha-Lord-Drake-4-1024x683.jpg 1024w, https:\/\/www.caferacerworld.com\/wp-content\/uploads\/2019\/11\/Agatha-Lord-Drake-4-300x200.jpg 300w, https:\/\/www.caferacerworld.com\/wp-content\/uploads\/2019\/11\/Agatha-Lord-Drake-4-768x512.jpg 768w, https:\/\/www.caferacerworld.com\/wp-content\/uploads\/2019\/11\/Agatha-Lord-Drake-4-600x400.jpg 600w, https:\/\/www.caferacerworld.com\/wp-content\/uploads\/2019\/11\/Agatha-Lord-Drake-4.jpg 1980w\" sizes=\"auto, (max-width: 1024px) 100vw, 1024px\" \/><\/a><\/figure>\n\n\n\n<p><\/p>\n\n\n\n<p>Estas motocicletas causaron gran admiraci\u00f3n entre todas las personalidades que asistieron al evento, como <strong>Emilio Estefan, Juanes<\/strong>, el propio <strong>Antonio Banderas<\/strong> o <strong><a href=\"https:\/\/www.agatharuizdelaprada.com\/es\/\" target=\"_blank\" rel=\"noreferrer noopener\">\u00c1gatha Ruiz de la Prada<\/a><\/strong>, entre otros. Fue con esta \u00faltima con quien mantuvo una agradable conversaci\u00f3n y entonces surgi\u00f3 la chispa. La reconocida dise\u00f1adora qued\u00f3 encantada con la idea y le anim\u00f3 a hablar del proyecto en Madrid pr\u00f3ximamente.<\/p>\n\n\n\n<p><\/p>\n\n\n\n<figure class=\"wp-block-image\"><a href=\"https:\/\/www.caferacerworld.com\/wp-content\/uploads\/2019\/11\/fran-manen-y-agatha-ruiz.jpg\"><img loading=\"lazy\" decoding=\"async\" width=\"1024\" height=\"768\" src=\"https:\/\/www.caferacerworld.com\/wp-content\/uploads\/2019\/11\/fran-manen-y-agatha-ruiz-1024x768.jpg\" alt=\"&quot;Harley Agathizada&quot; by Lord Drake Kustoms and Agatha Ruiz de la Prada\" class=\"wp-image-524\" srcset=\"https:\/\/www.caferacerworld.com\/wp-content\/uploads\/2019\/11\/fran-manen-y-agatha-ruiz.jpg 1024w, https:\/\/www.caferacerworld.com\/wp-content\/uploads\/2019\/11\/fran-manen-y-agatha-ruiz-300x225.jpg 300w, https:\/\/www.caferacerworld.com\/wp-content\/uploads\/2019\/11\/fran-manen-y-agatha-ruiz-768x576.jpg 768w\" sizes=\"auto, (max-width: 1024px) 100vw, 1024px\" \/><\/a><figcaption class=\"wp-element-caption\">\u00c1gatha Ruiz de la Prada y Fran Manen<\/figcaption><\/figure>\n\n\n\n<p>Poco despu\u00e9s de regresar a Espa\u00f1a, Fran recibi\u00f3 la llamada del equipo de dise\u00f1o de \u00c1gatha y viaj\u00f3 para reunirse con ellos y dar forma al proyecto. Entre todas las caracter\u00edsticas que deb\u00eda tener la motocicleta para adaptarse al estilo de \u00c1gatha, hubo una que llam\u00f3 especialmente la atenci\u00f3n de Fran: \u00a1<strong>la moto no deb\u00eda contener nada de color negro!<\/strong> Algo que supuso un gran reto en el mundo de la personalizaci\u00f3n de motos. El \u00fanico lugar donde llegaron a un acuerdo para usarlo fue en los neum\u00e1ticos.<\/p>\n\n\n\n<p><\/p>\n\n\n\n<h2 class=\"wp-block-heading\">La creaci\u00f3n de esta Harley<\/h2>\n\n\n\n<p>Fran se puso manos a la obra r\u00e1pidamente y dise\u00f1\u00f3 una motocicleta a partir de una <strong>Harley Davidson Sportster 1200<\/strong>. Muchos de los componentes de la moto, como el cableado, el motor y otras piezas, fueron coloreados. Otros elementos, como el guardabarros trasero, la rueda delantera, el manillar o los filtros de aire, fueron creados especialmente para esta motocicleta. Y un detalle casi incre\u00edble es que <strong>se fabricaron m\u00e1s de 300 corazones durante todo el proceso<\/strong> de personalizaci\u00f3n.<\/p>\n\n\n\n<p><\/p>\n\n\n\n<div class=\"wp-block-columns has-2-columns is-layout-flex wp-container-core-columns-is-layout-28f84493 wp-block-columns-is-layout-flex\">\n<div class=\"wp-block-column is-layout-flow wp-block-column-is-layout-flow\">\n<figure class=\"wp-block-image\"><a href=\"https:\/\/www.caferacerworld.com\/wp-content\/uploads\/2019\/11\/Agatha-Lord-Drake-28.jpg\"><img loading=\"lazy\" decoding=\"async\" width=\"1024\" height=\"683\" src=\"https:\/\/www.caferacerworld.com\/wp-content\/uploads\/2019\/11\/Agatha-Lord-Drake-28-1024x683.jpg\" alt=\"&quot;Harley Agathizada&quot; by Lord Drake Kustoms and Agatha Ruiz de la Prada\" class=\"wp-image-522\" srcset=\"https:\/\/www.caferacerworld.com\/wp-content\/uploads\/2019\/11\/Agatha-Lord-Drake-28-1024x683.jpg 1024w, https:\/\/www.caferacerworld.com\/wp-content\/uploads\/2019\/11\/Agatha-Lord-Drake-28-300x200.jpg 300w, https:\/\/www.caferacerworld.com\/wp-content\/uploads\/2019\/11\/Agatha-Lord-Drake-28-768x512.jpg 768w, https:\/\/www.caferacerworld.com\/wp-content\/uploads\/2019\/11\/Agatha-Lord-Drake-28-600x400.jpg 600w, https:\/\/www.caferacerworld.com\/wp-content\/uploads\/2019\/11\/Agatha-Lord-Drake-28.jpg 1980w\" sizes=\"auto, (max-width: 1024px) 100vw, 1024px\" \/><\/a><\/figure>\n\n\n\n<figure class=\"wp-block-image\"><a href=\"https:\/\/www.caferacerworld.com\/wp-content\/uploads\/2019\/11\/Agatha-Lord-Drake-26.jpg\"><img loading=\"lazy\" decoding=\"async\" width=\"1024\" height=\"683\" src=\"https:\/\/www.caferacerworld.com\/wp-content\/uploads\/2019\/11\/Agatha-Lord-Drake-26-1024x683.jpg\" alt=\"&quot;Harley Agathizada&quot; by Lord Drake Kustoms and Agatha Ruiz de la Prada\" class=\"wp-image-520\" srcset=\"https:\/\/www.caferacerworld.com\/wp-content\/uploads\/2019\/11\/Agatha-Lord-Drake-26-1024x683.jpg 1024w, https:\/\/www.caferacerworld.com\/wp-content\/uploads\/2019\/11\/Agatha-Lord-Drake-26-300x200.jpg 300w, https:\/\/www.caferacerworld.com\/wp-content\/uploads\/2019\/11\/Agatha-Lord-Drake-26-768x512.jpg 768w, https:\/\/www.caferacerworld.com\/wp-content\/uploads\/2019\/11\/Agatha-Lord-Drake-26-600x400.jpg 600w, https:\/\/www.caferacerworld.com\/wp-content\/uploads\/2019\/11\/Agatha-Lord-Drake-26.jpg 1980w\" sizes=\"auto, (max-width: 1024px) 100vw, 1024px\" \/><\/a><\/figure>\n<\/div>\n\n\n\n<div class=\"wp-block-column is-layout-flow wp-block-column-is-layout-flow\">\n<figure class=\"wp-block-image\"><a href=\"https:\/\/www.caferacerworld.com\/wp-content\/uploads\/2019\/11\/Agatha-Lord-Drake-27.jpg\"><img loading=\"lazy\" decoding=\"async\" width=\"1024\" height=\"683\" src=\"https:\/\/www.caferacerworld.com\/wp-content\/uploads\/2019\/11\/Agatha-Lord-Drake-27-1024x683.jpg\" alt=\"&quot;Harley Agathizada&quot; by Lord Drake Kustoms and Agatha Ruiz de la Prada\" class=\"wp-image-521\" srcset=\"https:\/\/www.caferacerworld.com\/wp-content\/uploads\/2019\/11\/Agatha-Lord-Drake-27-1024x683.jpg 1024w, https:\/\/www.caferacerworld.com\/wp-content\/uploads\/2019\/11\/Agatha-Lord-Drake-27-300x200.jpg 300w, https:\/\/www.caferacerworld.com\/wp-content\/uploads\/2019\/11\/Agatha-Lord-Drake-27-768x512.jpg 768w, https:\/\/www.caferacerworld.com\/wp-content\/uploads\/2019\/11\/Agatha-Lord-Drake-27-600x400.jpg 600w, https:\/\/www.caferacerworld.com\/wp-content\/uploads\/2019\/11\/Agatha-Lord-Drake-27.jpg 1980w\" sizes=\"auto, (max-width: 1024px) 100vw, 1024px\" \/><\/a><\/figure>\n\n\n\n<figure class=\"wp-block-image\"><a href=\"https:\/\/www.caferacerworld.com\/wp-content\/uploads\/2019\/11\/Agatha-Lord-Drake-25.jpg\"><img loading=\"lazy\" decoding=\"async\" width=\"1024\" height=\"683\" src=\"https:\/\/www.caferacerworld.com\/wp-content\/uploads\/2019\/11\/Agatha-Lord-Drake-25-1024x683.jpg\" alt=\"&quot;Harley Agathizada&quot; by Lord Drake Kustoms and Agatha Ruiz de la Prada\" class=\"wp-image-519\" srcset=\"https:\/\/www.caferacerworld.com\/wp-content\/uploads\/2019\/11\/Agatha-Lord-Drake-25-1024x683.jpg 1024w, https:\/\/www.caferacerworld.com\/wp-content\/uploads\/2019\/11\/Agatha-Lord-Drake-25-300x200.jpg 300w, https:\/\/www.caferacerworld.com\/wp-content\/uploads\/2019\/11\/Agatha-Lord-Drake-25-768x512.jpg 768w, https:\/\/www.caferacerworld.com\/wp-content\/uploads\/2019\/11\/Agatha-Lord-Drake-25-600x400.jpg 600w, https:\/\/www.caferacerworld.com\/wp-content\/uploads\/2019\/11\/Agatha-Lord-Drake-25.jpg 1980w\" sizes=\"auto, (max-width: 1024px) 100vw, 1024px\" \/><\/a><\/figure>\n<\/div>\n<\/div>\n\n\n\n<p><\/p>\n\n\n\n<blockquote class=\"wp-block-quote is-layout-flow wp-block-quote-is-layout-flow\">\n<p>Es una Harley que rompe con todos los esquemas tradicionales de este mundo. Se han eliminado elementos frecuentes como los tonos oscuros, calaveras o \u00e1guilas, dando paso a corazones, flores o estrellas, todos rebosantes de color.<\/p>\n<cite>-Fran Manen<\/cite><\/blockquote>\n\n\n\n<p><\/p>\n\n\n\n<div class=\"wp-block-columns has-2-columns is-layout-flex wp-container-core-columns-is-layout-28f84493 wp-block-columns-is-layout-flex\">\n<div class=\"wp-block-column is-layout-flow wp-block-column-is-layout-flow\">\n<figure class=\"wp-block-image\"><a href=\"https:\/\/www.caferacerworld.com\/wp-content\/uploads\/2019\/11\/Agatha-Lord-Drake-24.jpg\"><img loading=\"lazy\" decoding=\"async\" width=\"1024\" height=\"683\" src=\"https:\/\/www.caferacerworld.com\/wp-content\/uploads\/2019\/11\/Agatha-Lord-Drake-24-1024x683.jpg\" alt=\"&quot;Harley Agathizada&quot; by Lord Drake Kustoms and Agatha Ruiz de la Prada\" class=\"wp-image-518\" srcset=\"https:\/\/www.caferacerworld.com\/wp-content\/uploads\/2019\/11\/Agatha-Lord-Drake-24-1024x683.jpg 1024w, https:\/\/www.caferacerworld.com\/wp-content\/uploads\/2019\/11\/Agatha-Lord-Drake-24-300x200.jpg 300w, https:\/\/www.caferacerworld.com\/wp-content\/uploads\/2019\/11\/Agatha-Lord-Drake-24-768x512.jpg 768w, https:\/\/www.caferacerworld.com\/wp-content\/uploads\/2019\/11\/Agatha-Lord-Drake-24-600x400.jpg 600w, https:\/\/www.caferacerworld.com\/wp-content\/uploads\/2019\/11\/Agatha-Lord-Drake-24.jpg 1980w\" sizes=\"auto, (max-width: 1024px) 100vw, 1024px\" \/><\/a><\/figure>\n\n\n\n<figure class=\"wp-block-image\"><a href=\"https:\/\/www.caferacerworld.com\/wp-content\/uploads\/2019\/11\/Agatha-Lord-Drake-18.jpg\"><img loading=\"lazy\" decoding=\"async\" width=\"1024\" height=\"683\" src=\"https:\/\/www.caferacerworld.com\/wp-content\/uploads\/2019\/11\/Agatha-Lord-Drake-18-1024x683.jpg\" alt=\"&quot;Harley Agathizada&quot; by Lord Drake Kustoms and Agatha Ruiz de la Prada\" class=\"wp-image-515\" srcset=\"https:\/\/www.caferacerworld.com\/wp-content\/uploads\/2019\/11\/Agatha-Lord-Drake-18-1024x683.jpg 1024w, https:\/\/www.caferacerworld.com\/wp-content\/uploads\/2019\/11\/Agatha-Lord-Drake-18-300x200.jpg 300w, https:\/\/www.caferacerworld.com\/wp-content\/uploads\/2019\/11\/Agatha-Lord-Drake-18-768x512.jpg 768w, https:\/\/www.caferacerworld.com\/wp-content\/uploads\/2019\/11\/Agatha-Lord-Drake-18-600x400.jpg 600w, https:\/\/www.caferacerworld.com\/wp-content\/uploads\/2019\/11\/Agatha-Lord-Drake-18.jpg 1980w\" sizes=\"auto, (max-width: 1024px) 100vw, 1024px\" \/><\/a><\/figure>\n<\/div>\n\n\n\n<div class=\"wp-block-column is-layout-flow wp-block-column-is-layout-flow\">\n<figure class=\"wp-block-image\"><a href=\"https:\/\/www.caferacerworld.com\/wp-content\/uploads\/2019\/11\/Agatha-Lord-Drake-19.jpg\"><img loading=\"lazy\" decoding=\"async\" width=\"1024\" height=\"683\" src=\"https:\/\/www.caferacerworld.com\/wp-content\/uploads\/2019\/11\/Agatha-Lord-Drake-19-1024x683.jpg\" alt=\"&quot;Harley Agathizada&quot; by Lord Drake Kustoms and Agatha Ruiz de la Prada\" class=\"wp-image-516\" srcset=\"https:\/\/www.caferacerworld.com\/wp-content\/uploads\/2019\/11\/Agatha-Lord-Drake-19-1024x683.jpg 1024w, https:\/\/www.caferacerworld.com\/wp-content\/uploads\/2019\/11\/Agatha-Lord-Drake-19-300x200.jpg 300w, https:\/\/www.caferacerworld.com\/wp-content\/uploads\/2019\/11\/Agatha-Lord-Drake-19-768x512.jpg 768w, https:\/\/www.caferacerworld.com\/wp-content\/uploads\/2019\/11\/Agatha-Lord-Drake-19-600x400.jpg 600w, https:\/\/www.caferacerworld.com\/wp-content\/uploads\/2019\/11\/Agatha-Lord-Drake-19.jpg 1980w\" sizes=\"auto, (max-width: 1024px) 100vw, 1024px\" \/><\/a><\/figure>\n\n\n\n<figure class=\"wp-block-image\"><a href=\"https:\/\/www.caferacerworld.com\/wp-content\/uploads\/2019\/11\/Agatha-Lord-Drake-15.jpg\"><img loading=\"lazy\" decoding=\"async\" width=\"1024\" height=\"683\" src=\"https:\/\/www.caferacerworld.com\/wp-content\/uploads\/2019\/11\/Agatha-Lord-Drake-15-1024x683.jpg\" alt=\"&quot;Harley Agathizada&quot; by Lord Drake Kustoms and Agatha Ruiz de la Prada\" class=\"wp-image-514\" srcset=\"https:\/\/www.caferacerworld.com\/wp-content\/uploads\/2019\/11\/Agatha-Lord-Drake-15-1024x683.jpg 1024w, https:\/\/www.caferacerworld.com\/wp-content\/uploads\/2019\/11\/Agatha-Lord-Drake-15-300x200.jpg 300w, https:\/\/www.caferacerworld.com\/wp-content\/uploads\/2019\/11\/Agatha-Lord-Drake-15-768x512.jpg 768w, https:\/\/www.caferacerworld.com\/wp-content\/uploads\/2019\/11\/Agatha-Lord-Drake-15-600x400.jpg 600w, https:\/\/www.caferacerworld.com\/wp-content\/uploads\/2019\/11\/Agatha-Lord-Drake-15.jpg 1980w\" sizes=\"auto, (max-width: 1024px) 100vw, 1024px\" \/><\/a><\/figure>\n<\/div>\n<\/div>\n\n\n\n<p><\/p>\n\n\n\n<p><\/p>\n\n\n\n<h2 class=\"wp-block-heading\">La presentaci\u00f3n en Marbella<\/h2>\n\n\n\n<p>Fue en otra <em>gala ben\u00e9fica<\/em> donde la dise\u00f1adora de moda y el personalizador de motos encontraron el lugar perfecto para su presentaci\u00f3n. Se trataba de un acto organizado cada a\u00f1o por la<strong> Asociaci\u00f3n Espa\u00f1ola contra el C\u00e1ncer (AECC) <\/strong>en Marbella (M\u00e1laga) para recaudar fondos.<\/p>\n\n\n\n<p><\/p>\n\n\n\n<figure class=\"wp-block-image\"><a href=\"https:\/\/www.caferacerworld.com\/wp-content\/uploads\/2019\/11\/Agatha-Lord-Drake-11.jpg\"><img loading=\"lazy\" decoding=\"async\" width=\"1024\" height=\"683\" src=\"https:\/\/www.caferacerworld.com\/wp-content\/uploads\/2019\/11\/Agatha-Lord-Drake-11-1024x683.jpg\" alt=\"&quot;Harley Agathizada&quot; by Lord Drake Kustoms and Agatha Ruiz de la Prada\" class=\"wp-image-512\" srcset=\"https:\/\/www.caferacerworld.com\/wp-content\/uploads\/2019\/11\/Agatha-Lord-Drake-11-1024x683.jpg 1024w, https:\/\/www.caferacerworld.com\/wp-content\/uploads\/2019\/11\/Agatha-Lord-Drake-11-300x200.jpg 300w, https:\/\/www.caferacerworld.com\/wp-content\/uploads\/2019\/11\/Agatha-Lord-Drake-11-768x512.jpg 768w, https:\/\/www.caferacerworld.com\/wp-content\/uploads\/2019\/11\/Agatha-Lord-Drake-11-600x400.jpg 600w, https:\/\/www.caferacerworld.com\/wp-content\/uploads\/2019\/11\/Agatha-Lord-Drake-11.jpg 1980w\" sizes=\"auto, (max-width: 1024px) 100vw, 1024px\" \/><\/a><\/figure>\n\n\n\n<p>En esta ocasi\u00f3n, la gala fue presentada por dos conocidas figuras de la sociedad espa\u00f1ola, <strong>Ana Obreg\u00f3n y Boris Izaguirre<\/strong>. Adem\u00e1s, grandes personalidades del mundo de la pol\u00edtica, la cultura y los negocios quedaron <strong>sorprendidas con esta peculiar Harley.<\/strong><\/p>\n\n\n\n<p><\/p>\n\n\n\n<h2 class=\"wp-block-heading\">\u00bfY ahora\u2026 qu\u00e9?<\/h2>\n\n\n\n<p>Esto se preguntar\u00e1n muchos amantes de las motos custom. Por ahora, est\u00e1 previsto que esta moto sea exhibida por <strong>\u00c1gatha Ruiz de la Prada <\/strong>en sus <em>desfiles de moda<\/em> alrededor del mundo. Adem\u00e1s, sabemos que esta colaboraci\u00f3n no termina aqu\u00ed y que hay otros proyectos con la dise\u00f1adora que Fran Manen a\u00fan no quiere revelar.<\/p>\n\n\n\n<p><\/p>\n\n\n\n<figure class=\"wp-block-image\"><a href=\"https:\/\/www.caferacerworld.com\/wp-content\/uploads\/2019\/11\/Agatha-Lord-Drake-29.jpg\"><img loading=\"lazy\" decoding=\"async\" width=\"1024\" height=\"683\" src=\"https:\/\/www.caferacerworld.com\/wp-content\/uploads\/2019\/11\/Agatha-Lord-Drake-29-1024x683.jpg\" alt=\"&quot;Harley Agathizada&quot; by Lord Drake Kustoms and Agatha Ruiz de la Prada\" class=\"wp-image-523\" srcset=\"https:\/\/www.caferacerworld.com\/wp-content\/uploads\/2019\/11\/Agatha-Lord-Drake-29-1024x683.jpg 1024w, https:\/\/www.caferacerworld.com\/wp-content\/uploads\/2019\/11\/Agatha-Lord-Drake-29-300x200.jpg 300w, https:\/\/www.caferacerworld.com\/wp-content\/uploads\/2019\/11\/Agatha-Lord-Drake-29-768x512.jpg 768w, https:\/\/www.caferacerworld.com\/wp-content\/uploads\/2019\/11\/Agatha-Lord-Drake-29-600x400.jpg 600w, https:\/\/www.caferacerworld.com\/wp-content\/uploads\/2019\/11\/Agatha-Lord-Drake-29.jpg 1980w\" sizes=\"auto, (max-width: 1024px) 100vw, 1024px\" \/><\/a><\/figure>\n\n\n\n<p>No sabemos si esta <strong>\u201cHarley Agathizada\u201d <\/strong>supondr\u00e1 un antes y un despu\u00e9s en el mundo de la personalizaci\u00f3n, pero lo que s\u00ed sabemos es que ha <strong>abierto muchas puertas a nuevas ideas.<\/strong> Puede que en el futuro veamos nuevos modelos de motos custom que nos sorprendan.<\/p>\n\n\n\n<p><\/p>\n\n\n\n<figure class=\"wp-block-image\"><a href=\"https:\/\/www.caferacerworld.com\/wp-content\/uploads\/2019\/11\/Agatha-Lord-Drake-21.jpg\"><img loading=\"lazy\" decoding=\"async\" width=\"683\" height=\"1024\" src=\"https:\/\/www.caferacerworld.com\/wp-content\/uploads\/2019\/11\/Agatha-Lord-Drake-21-683x1024.jpg\" alt=\"&quot;Harley Agathizada&quot; by Lord Drake Kustoms and Agatha Ruiz de la Prada\" class=\"wp-image-517\" srcset=\"https:\/\/www.caferacerworld.com\/wp-content\/uploads\/2019\/11\/Agatha-Lord-Drake-21-683x1024.jpg 683w, https:\/\/www.caferacerworld.com\/wp-content\/uploads\/2019\/11\/Agatha-Lord-Drake-21-200x300.jpg 200w, https:\/\/www.caferacerworld.com\/wp-content\/uploads\/2019\/11\/Agatha-Lord-Drake-21-768x1152.jpg 768w, https:\/\/www.caferacerworld.com\/wp-content\/uploads\/2019\/11\/Agatha-Lord-Drake-21.jpg 1320w\" sizes=\"auto, (max-width: 683px) 100vw, 683px\" \/><\/a><\/figure>\n","protected":false},"excerpt":{"rendered":"<p>Es quiz\u00e1 una de las Harley custom que m\u00e1s ha dado que hablar este a\u00f1o. Esta \u00abHarley Agathizada\u00bb<\/p>\n","protected":false},"author":1,"featured_media":508,"comment_status":"open","ping_status":"open","sticky":false,"template":"","format":"standard","meta":{"footnotes":""},"categories":[7,12,45,20],"tags":[],"class_list":["post-503","post","type-post","status-publish","format-standard","has-post-thumbnail","hentry","category-custom","category-harley-davidson","category-motos","category-sportster"],"yoast_head":"<!-- This site is optimized with the Yoast SEO plugin v25.4 - https:\/\/yoast.com\/wordpress\/plugins\/seo\/ -->\n<title>Una Harley llena de color - Cafe Racer World<\/title>\n<meta name=\"description\" content=\"Esta &quot;Harley Agathizada&quot; fue creada por Fran Manen, propietario de LDK, con la colaboraci\u00f3n de \u00c1gatha Ruiz de la Prada, y est\u00e1 basada en una Harley Sportster.\" \/>\n<meta name=\"robots\" content=\"index, follow, max-snippet:-1, max-image-preview:large, max-video-preview:-1\" \/>\n<link rel=\"canonical\" href=\"https:\/\/www.caferacerworld.com\/es\/a-harley-full-of-color\/\" \/>\n<meta property=\"og:locale\" content=\"es_ES\" \/>\n<meta property=\"og:type\" content=\"article\" \/>\n<meta property=\"og:title\" content=\"Una Harley llena de color - Cafe Racer World\" \/>\n<meta property=\"og:description\" content=\"Esta &quot;Harley Agathizada&quot; fue creada por Fran Manen, propietario de LDK, con la colaboraci\u00f3n de \u00c1gatha Ruiz de la Prada, y est\u00e1 basada en una Harley Sportster.\" \/>\n<meta property=\"og:url\" content=\"https:\/\/www.caferacerworld.com\/es\/a-harley-full-of-color\/\" \/>\n<meta property=\"og:site_name\" content=\"Cafe Racer World\" \/>\n<meta property=\"article:publisher\" content=\"https:\/\/www.facebook.com\/profile.php?id=61579424306050\" \/>\n<meta property=\"article:published_time\" content=\"2019-11-06T20:58:09+00:00\" \/>\n<meta property=\"article:modified_time\" content=\"2025-09-02T08:34:54+00:00\" \/>\n<meta property=\"og:image\" content=\"https:\/\/www.caferacerworld.com\/wp-content\/uploads\/2019\/11\/Agatha-Lord-Drake-1.jpg\" \/>\n\t<meta property=\"og:image:width\" content=\"1980\" \/>\n\t<meta property=\"og:image:height\" content=\"1320\" \/>\n\t<meta property=\"og:image:type\" content=\"image\/jpeg\" \/>\n<meta name=\"author\" content=\"caferacer\" \/>\n<meta name=\"twitter:card\" content=\"summary_large_image\" \/>\n<meta name=\"twitter:label1\" content=\"Escrito por\" \/>\n\t<meta name=\"twitter:data1\" content=\"caferacer\" \/>\n\t<meta name=\"twitter:label2\" content=\"Tiempo de lectura\" \/>\n\t<meta name=\"twitter:data2\" content=\"6 minutos\" \/>\n<script type=\"application\/ld+json\" class=\"yoast-schema-graph\">{\"@context\":\"https:\/\/schema.org\",\"@graph\":[{\"@type\":\"Article\",\"@id\":\"https:\/\/www.caferacerworld.com\/es\/a-harley-full-of-color\/#article\",\"isPartOf\":{\"@id\":\"https:\/\/www.caferacerworld.com\/es\/a-harley-full-of-color\/\"},\"author\":{\"name\":\"caferacer\",\"@id\":\"https:\/\/www.caferacerworld.com\/es\/#\/schema\/person\/f53266c5722a1bfe7280939b3daf386d\"},\"headline\":\"Una Harley llena de color\",\"datePublished\":\"2019-11-06T20:58:09+00:00\",\"dateModified\":\"2025-09-02T08:34:54+00:00\",\"mainEntityOfPage\":{\"@id\":\"https:\/\/www.caferacerworld.com\/es\/a-harley-full-of-color\/\"},\"wordCount\":695,\"commentCount\":0,\"publisher\":{\"@id\":\"https:\/\/www.caferacerworld.com\/es\/#organization\"},\"image\":{\"@id\":\"https:\/\/www.caferacerworld.com\/es\/a-harley-full-of-color\/#primaryimage\"},\"thumbnailUrl\":\"https:\/\/www.caferacerworld.com\/wp-content\/uploads\/2019\/11\/Agatha-Lord-Drake-1.jpg\",\"articleSection\":[\"Custom\",\"Harley Davidson\",\"Motos\",\"Sportster\"],\"inLanguage\":\"es\",\"potentialAction\":[{\"@type\":\"CommentAction\",\"name\":\"Comment\",\"target\":[\"https:\/\/www.caferacerworld.com\/es\/a-harley-full-of-color\/#respond\"]}]},{\"@type\":\"WebPage\",\"@id\":\"https:\/\/www.caferacerworld.com\/es\/a-harley-full-of-color\/\",\"url\":\"https:\/\/www.caferacerworld.com\/es\/a-harley-full-of-color\/\",\"name\":\"Una Harley llena de color - Cafe Racer World\",\"isPartOf\":{\"@id\":\"https:\/\/www.caferacerworld.com\/es\/#website\"},\"primaryImageOfPage\":{\"@id\":\"https:\/\/www.caferacerworld.com\/es\/a-harley-full-of-color\/#primaryimage\"},\"image\":{\"@id\":\"https:\/\/www.caferacerworld.com\/es\/a-harley-full-of-color\/#primaryimage\"},\"thumbnailUrl\":\"https:\/\/www.caferacerworld.com\/wp-content\/uploads\/2019\/11\/Agatha-Lord-Drake-1.jpg\",\"datePublished\":\"2019-11-06T20:58:09+00:00\",\"dateModified\":\"2025-09-02T08:34:54+00:00\",\"description\":\"Esta \\\"Harley Agathizada\\\" fue creada por Fran Manen, propietario de LDK, con la colaboraci\u00f3n de \u00c1gatha Ruiz de la Prada, y est\u00e1 basada en una Harley Sportster.\",\"breadcrumb\":{\"@id\":\"https:\/\/www.caferacerworld.com\/es\/a-harley-full-of-color\/#breadcrumb\"},\"inLanguage\":\"es\",\"potentialAction\":[{\"@type\":\"ReadAction\",\"target\":[\"https:\/\/www.caferacerworld.com\/es\/a-harley-full-of-color\/\"]}]},{\"@type\":\"ImageObject\",\"inLanguage\":\"es\",\"@id\":\"https:\/\/www.caferacerworld.com\/es\/a-harley-full-of-color\/#primaryimage\",\"url\":\"https:\/\/www.caferacerworld.com\/wp-content\/uploads\/2019\/11\/Agatha-Lord-Drake-1.jpg\",\"contentUrl\":\"https:\/\/www.caferacerworld.com\/wp-content\/uploads\/2019\/11\/Agatha-Lord-Drake-1.jpg\",\"width\":1980,\"height\":1320,\"caption\":\"\\\"Harley Agathizada\\\" by Lord Drake Kustoms and Agatha Ruiz de la Prada\"},{\"@type\":\"BreadcrumbList\",\"@id\":\"https:\/\/www.caferacerworld.com\/es\/a-harley-full-of-color\/#breadcrumb\",\"itemListElement\":[{\"@type\":\"ListItem\",\"position\":1,\"name\":\"Portada\",\"item\":\"https:\/\/www.caferacerworld.com\/es\/\"},{\"@type\":\"ListItem\",\"position\":2,\"name\":\"Una Harley llena de color\"}]},{\"@type\":\"WebSite\",\"@id\":\"https:\/\/www.caferacerworld.com\/es\/#website\",\"url\":\"https:\/\/www.caferacerworld.com\/es\/\",\"name\":\"Cafe Racer World\",\"description\":\"\",\"publisher\":{\"@id\":\"https:\/\/www.caferacerworld.com\/es\/#organization\"},\"potentialAction\":[{\"@type\":\"SearchAction\",\"target\":{\"@type\":\"EntryPoint\",\"urlTemplate\":\"https:\/\/www.caferacerworld.com\/es\/?s={search_term_string}\"},\"query-input\":{\"@type\":\"PropertyValueSpecification\",\"valueRequired\":true,\"valueName\":\"search_term_string\"}}],\"inLanguage\":\"es\"},{\"@type\":\"Organization\",\"@id\":\"https:\/\/www.caferacerworld.com\/es\/#organization\",\"name\":\"Cafe Racer World\",\"url\":\"https:\/\/www.caferacerworld.com\/es\/\",\"logo\":{\"@type\":\"ImageObject\",\"inLanguage\":\"es\",\"@id\":\"https:\/\/www.caferacerworld.com\/es\/#\/schema\/logo\/image\/\",\"url\":\"https:\/\/www.caferacerworld.com\/wp-content\/uploads\/2019\/10\/logo-crw-4-1.png\",\"contentUrl\":\"https:\/\/www.caferacerworld.com\/wp-content\/uploads\/2019\/10\/logo-crw-4-1.png\",\"width\":540,\"height\":160,\"caption\":\"Cafe Racer World\"},\"image\":{\"@id\":\"https:\/\/www.caferacerworld.com\/es\/#\/schema\/logo\/image\/\"},\"sameAs\":[\"https:\/\/www.facebook.com\/profile.php?id=61579424306050\",\"https:\/\/www.instagram.com\/caferacerworld_oficial\/\"]},{\"@type\":\"Person\",\"@id\":\"https:\/\/www.caferacerworld.com\/es\/#\/schema\/person\/f53266c5722a1bfe7280939b3daf386d\",\"name\":\"caferacer\",\"image\":{\"@type\":\"ImageObject\",\"inLanguage\":\"es\",\"@id\":\"https:\/\/www.caferacerworld.com\/es\/#\/schema\/person\/image\/\",\"url\":\"https:\/\/secure.gravatar.com\/avatar\/8d6dcab9ee12841d4b3c71b7639455bb04683d31fd41ad66ec3164209d3e2a0b?s=96&d=mm&r=g\",\"contentUrl\":\"https:\/\/secure.gravatar.com\/avatar\/8d6dcab9ee12841d4b3c71b7639455bb04683d31fd41ad66ec3164209d3e2a0b?s=96&d=mm&r=g\",\"caption\":\"caferacer\"}}]}<\/script>\n<!-- \/ Yoast SEO plugin. -->","yoast_head_json":{"title":"Una Harley llena de color - Cafe Racer World","description":"Esta \"Harley Agathizada\" fue creada por Fran Manen, propietario de LDK, con la colaboraci\u00f3n de \u00c1gatha Ruiz de la Prada, y est\u00e1 basada en una Harley Sportster.","robots":{"index":"index","follow":"follow","max-snippet":"max-snippet:-1","max-image-preview":"max-image-preview:large","max-video-preview":"max-video-preview:-1"},"canonical":"https:\/\/www.caferacerworld.com\/es\/a-harley-full-of-color\/","og_locale":"es_ES","og_type":"article","og_title":"Una Harley llena de color - Cafe Racer World","og_description":"Esta \"Harley Agathizada\" fue creada por Fran Manen, propietario de LDK, con la colaboraci\u00f3n de \u00c1gatha Ruiz de la Prada, y est\u00e1 basada en una Harley Sportster.","og_url":"https:\/\/www.caferacerworld.com\/es\/a-harley-full-of-color\/","og_site_name":"Cafe Racer World","article_publisher":"https:\/\/www.facebook.com\/profile.php?id=61579424306050","article_published_time":"2019-11-06T20:58:09+00:00","article_modified_time":"2025-09-02T08:34:54+00:00","og_image":[{"width":1980,"height":1320,"url":"https:\/\/www.caferacerworld.com\/wp-content\/uploads\/2019\/11\/Agatha-Lord-Drake-1.jpg","type":"image\/jpeg"}],"author":"caferacer","twitter_card":"summary_large_image","twitter_misc":{"Escrito por":"caferacer","Tiempo de lectura":"6 minutos"},"schema":{"@context":"https:\/\/schema.org","@graph":[{"@type":"Article","@id":"https:\/\/www.caferacerworld.com\/es\/a-harley-full-of-color\/#article","isPartOf":{"@id":"https:\/\/www.caferacerworld.com\/es\/a-harley-full-of-color\/"},"author":{"name":"caferacer","@id":"https:\/\/www.caferacerworld.com\/es\/#\/schema\/person\/f53266c5722a1bfe7280939b3daf386d"},"headline":"Una Harley llena de color","datePublished":"2019-11-06T20:58:09+00:00","dateModified":"2025-09-02T08:34:54+00:00","mainEntityOfPage":{"@id":"https:\/\/www.caferacerworld.com\/es\/a-harley-full-of-color\/"},"wordCount":695,"commentCount":0,"publisher":{"@id":"https:\/\/www.caferacerworld.com\/es\/#organization"},"image":{"@id":"https:\/\/www.caferacerworld.com\/es\/a-harley-full-of-color\/#primaryimage"},"thumbnailUrl":"https:\/\/www.caferacerworld.com\/wp-content\/uploads\/2019\/11\/Agatha-Lord-Drake-1.jpg","articleSection":["Custom","Harley Davidson","Motos","Sportster"],"inLanguage":"es","potentialAction":[{"@type":"CommentAction","name":"Comment","target":["https:\/\/www.caferacerworld.com\/es\/a-harley-full-of-color\/#respond"]}]},{"@type":"WebPage","@id":"https:\/\/www.caferacerworld.com\/es\/a-harley-full-of-color\/","url":"https:\/\/www.caferacerworld.com\/es\/a-harley-full-of-color\/","name":"Una Harley llena de color - Cafe Racer World","isPartOf":{"@id":"https:\/\/www.caferacerworld.com\/es\/#website"},"primaryImageOfPage":{"@id":"https:\/\/www.caferacerworld.com\/es\/a-harley-full-of-color\/#primaryimage"},"image":{"@id":"https:\/\/www.caferacerworld.com\/es\/a-harley-full-of-color\/#primaryimage"},"thumbnailUrl":"https:\/\/www.caferacerworld.com\/wp-content\/uploads\/2019\/11\/Agatha-Lord-Drake-1.jpg","datePublished":"2019-11-06T20:58:09+00:00","dateModified":"2025-09-02T08:34:54+00:00","description":"Esta \"Harley Agathizada\" fue creada por Fran Manen, propietario de LDK, con la colaboraci\u00f3n de \u00c1gatha Ruiz de la Prada, y est\u00e1 basada en una Harley Sportster.","breadcrumb":{"@id":"https:\/\/www.caferacerworld.com\/es\/a-harley-full-of-color\/#breadcrumb"},"inLanguage":"es","potentialAction":[{"@type":"ReadAction","target":["https:\/\/www.caferacerworld.com\/es\/a-harley-full-of-color\/"]}]},{"@type":"ImageObject","inLanguage":"es","@id":"https:\/\/www.caferacerworld.com\/es\/a-harley-full-of-color\/#primaryimage","url":"https:\/\/www.caferacerworld.com\/wp-content\/uploads\/2019\/11\/Agatha-Lord-Drake-1.jpg","contentUrl":"https:\/\/www.caferacerworld.com\/wp-content\/uploads\/2019\/11\/Agatha-Lord-Drake-1.jpg","width":1980,"height":1320,"caption":"\"Harley Agathizada\" by Lord Drake Kustoms and Agatha Ruiz de la Prada"},{"@type":"BreadcrumbList","@id":"https:\/\/www.caferacerworld.com\/es\/a-harley-full-of-color\/#breadcrumb","itemListElement":[{"@type":"ListItem","position":1,"name":"Portada","item":"https:\/\/www.caferacerworld.com\/es\/"},{"@type":"ListItem","position":2,"name":"Una Harley llena de color"}]},{"@type":"WebSite","@id":"https:\/\/www.caferacerworld.com\/es\/#website","url":"https:\/\/www.caferacerworld.com\/es\/","name":"Cafe Racer World","description":"","publisher":{"@id":"https:\/\/www.caferacerworld.com\/es\/#organization"},"potentialAction":[{"@type":"SearchAction","target":{"@type":"EntryPoint","urlTemplate":"https:\/\/www.caferacerworld.com\/es\/?s={search_term_string}"},"query-input":{"@type":"PropertyValueSpecification","valueRequired":true,"valueName":"search_term_string"}}],"inLanguage":"es"},{"@type":"Organization","@id":"https:\/\/www.caferacerworld.com\/es\/#organization","name":"Cafe Racer World","url":"https:\/\/www.caferacerworld.com\/es\/","logo":{"@type":"ImageObject","inLanguage":"es","@id":"https:\/\/www.caferacerworld.com\/es\/#\/schema\/logo\/image\/","url":"https:\/\/www.caferacerworld.com\/wp-content\/uploads\/2019\/10\/logo-crw-4-1.png","contentUrl":"https:\/\/www.caferacerworld.com\/wp-content\/uploads\/2019\/10\/logo-crw-4-1.png","width":540,"height":160,"caption":"Cafe Racer World"},"image":{"@id":"https:\/\/www.caferacerworld.com\/es\/#\/schema\/logo\/image\/"},"sameAs":["https:\/\/www.facebook.com\/profile.php?id=61579424306050","https:\/\/www.instagram.com\/caferacerworld_oficial\/"]},{"@type":"Person","@id":"https:\/\/www.caferacerworld.com\/es\/#\/schema\/person\/f53266c5722a1bfe7280939b3daf386d","name":"caferacer","image":{"@type":"ImageObject","inLanguage":"es","@id":"https:\/\/www.caferacerworld.com\/es\/#\/schema\/person\/image\/","url":"https:\/\/secure.gravatar.com\/avatar\/8d6dcab9ee12841d4b3c71b7639455bb04683d31fd41ad66ec3164209d3e2a0b?s=96&d=mm&r=g","contentUrl":"https:\/\/secure.gravatar.com\/avatar\/8d6dcab9ee12841d4b3c71b7639455bb04683d31fd41ad66ec3164209d3e2a0b?s=96&d=mm&r=g","caption":"caferacer"}}]}},"featured_image_src":"https:\/\/www.caferacerworld.com\/wp-content\/uploads\/2019\/11\/Agatha-Lord-Drake-1-600x400.jpg","featured_image_src_square":"https:\/\/www.caferacerworld.com\/wp-content\/uploads\/2019\/11\/Agatha-Lord-Drake-1-600x600.jpg","author_info":{"display_name":"caferacer","author_link":"https:\/\/www.caferacerworld.com\/es\/author\/caferacer\/"},"_links":{"self":[{"href":"https:\/\/www.caferacerworld.com\/es\/wp-json\/wp\/v2\/posts\/503","targetHints":{"allow":["GET"]}}],"collection":[{"href":"https:\/\/www.caferacerworld.com\/es\/wp-json\/wp\/v2\/posts"}],"about":[{"href":"https:\/\/www.caferacerworld.com\/es\/wp-json\/wp\/v2\/types\/post"}],"author":[{"embeddable":true,"href":"https:\/\/www.caferacerworld.com\/es\/wp-json\/wp\/v2\/users\/1"}],"replies":[{"embeddable":true,"href":"https:\/\/www.caferacerworld.com\/es\/wp-json\/wp\/v2\/comments?post=503"}],"version-history":[{"count":4,"href":"https:\/\/www.caferacerworld.com\/es\/wp-json\/wp\/v2\/posts\/503\/revisions"}],"predecessor-version":[{"id":1871,"href":"https:\/\/www.caferacerworld.com\/es\/wp-json\/wp\/v2\/posts\/503\/revisions\/1871"}],"wp:featuredmedia":[{"embeddable":true,"href":"https:\/\/www.caferacerworld.com\/es\/wp-json\/wp\/v2\/media\/508"}],"wp:attachment":[{"href":"https:\/\/www.caferacerworld.com\/es\/wp-json\/wp\/v2\/media?parent=503"}],"wp:term":[{"taxonomy":"category","embeddable":true,"href":"https:\/\/www.caferacerworld.com\/es\/wp-json\/wp\/v2\/categories?post=503"},{"taxonomy":"post_tag","embeddable":true,"href":"https:\/\/www.caferacerworld.com\/es\/wp-json\/wp\/v2\/tags?post=503"}],"curies":[{"name":"wp","href":"https:\/\/api.w.org\/{rel}","templated":true}]}}