{"id":529,"date":"2019-11-08T14:09:39","date_gmt":"2019-11-08T13:09:39","guid":{"rendered":"https:\/\/www.caferacerworld.com\/?p=529"},"modified":"2025-08-27T08:51:52","modified_gmt":"2025-08-27T06:51:52","slug":"interview-with-fran-manen","status":"publish","type":"post","link":"https:\/\/www.caferacerworld.com\/es\/interview-with-fran-manen\/","title":{"rendered":"Entrevista con Fran Manen, \u00abEl se\u00f1or de las motocicletas\u00bb"},"content":{"rendered":"\n<p><a href=\"https:\/\/www.franmanen.com\" target=\"_blank\" rel=\"noreferrer noopener\"><strong>Fran Manen<\/strong><\/a> ha sido considerado uno de los <em>mejores personalizadores de motos del mundo<\/em>. En Cafe Racer World hemos tenido el placer de entrevistarlo para descubrir los secretos que se esconden detr\u00e1s de su marca, <a href=\"https:\/\/www.lorddrakekustoms.com\"><strong>Lord Drake Kustoms<\/strong>.<\/a><\/p>\n\n\n\n<p><\/p>\n\n\n\n<figure class=\"wp-block-image\"><a href=\"https:\/\/www.caferacerworld.com\/wp-content\/uploads\/2019\/11\/bio-fran-manen-09.jpg\"><img loading=\"lazy\" decoding=\"async\" width=\"1024\" height=\"683\" src=\"https:\/\/www.caferacerworld.com\/wp-content\/uploads\/2019\/11\/bio-fran-manen-09-1024x683.jpg\" alt=\"Fran Manen poses next to &quot;Envy&quot;\" class=\"wp-image-545\" srcset=\"https:\/\/www.caferacerworld.com\/wp-content\/uploads\/2019\/11\/bio-fran-manen-09.jpg 1024w, https:\/\/www.caferacerworld.com\/wp-content\/uploads\/2019\/11\/bio-fran-manen-09-300x200.jpg 300w, https:\/\/www.caferacerworld.com\/wp-content\/uploads\/2019\/11\/bio-fran-manen-09-768x512.jpg 768w, https:\/\/www.caferacerworld.com\/wp-content\/uploads\/2019\/11\/bio-fran-manen-09-600x400.jpg 600w\" sizes=\"auto, (max-width: 1024px) 100vw, 1024px\" \/><\/a><\/figure>\n\n\n\n<p><\/p>\n\n\n\n<h2 class=\"wp-block-heading\"><strong>\u00bfSiempre has estado enamorado del mundo de las motos?<\/strong><\/h2>\n\n\n\n<p>Es cierto que desde ni\u00f1o me sent\u00ed atra\u00eddo por una <strong>est\u00e9tica muy vinculada<\/strong> al mundo de la <strong>moto<\/strong>. En aquella \u00e9poca, en la ciudad del sur de Espa\u00f1a donde crec\u00ed, era muy dif\u00edcil acceder a revistas especializadas. Fue en la televisi\u00f3n, sobre todo en los videoclips musicales, donde me fascinaban aquellos grupos de <em>Rock y Heavy Metal<\/em> que aparec\u00edan muy a menudo acompa\u00f1ados de sus <strong>Harley-Davidson <\/strong>y <em>Choppers<\/em>.<\/p>\n\n\n\n<p>No fue hasta los 14 a\u00f1os cuando pude conseguir mi <em>primera moto<\/em>, una <strong>Vespino<\/strong>. Y me dediqu\u00e9 a pintarla con llamas y portadas de los discos de mis grupos favoritos. As\u00ed que, supongo que s\u00ed, es una afici\u00f3n que viene de lejos.<\/p>\n\n\n\n<p><\/p>\n\n\n\n<h2 class=\"wp-block-heading\"><strong>Est\u00e1s considerado uno de los mejores personalizadores de motos del mundo. \u00bfC\u00f3mo se llega a ese punto?<\/strong><\/h2>\n\n\n\n<p>Uno de mis lemas favoritos siempre ha sido <em>\u00abSic Parvis Magna\u00bb<\/em> (Las grandes cosas tienen peque\u00f1os comienzos). Creo que en la vida puedes conseguir lo que te propongas con trabajo, constancia y humildad.<\/p>\n\n\n\n<p>No siempre he trabajado en el mundo de las motos. He pasado por muchos trabajos y empresas hasta llegar aqu\u00ed. Hubo una \u00e9poca en la que, como gran amante de la naturaleza que soy, empec\u00e9 a escalar monta\u00f1as de forma profesional. Eso me llev\u00f3 finalmente a realizar expediciones por todo el mundo, visitando y ascendiendo a las cimas del Himalaya, Nepal, T\u00edbet, India, Pakist\u00e1n, But\u00e1n, Marruecos, Suiza, Francia, Austria, etc.<\/p>\n\n\n\n<p>Ese aprendizaje en la escalada me abri\u00f3 las puertas para fundar mi primera empresa, especializada en trabajos verticales y en altura.<\/p>\n\n\n\n<p><\/p>\n\n\n\n<figure class=\"wp-block-image\"><a href=\"https:\/\/www.caferacerworld.com\/wp-content\/uploads\/2019\/11\/founder-with-trending-topic.jpg\"><img loading=\"lazy\" decoding=\"async\" width=\"800\" height=\"600\" src=\"https:\/\/www.caferacerworld.com\/wp-content\/uploads\/2019\/11\/founder-with-trending-topic.jpg\" alt=\"Fran Manen poses next to &quot;Trending Topic&quot;\" class=\"wp-image-552\" srcset=\"https:\/\/www.caferacerworld.com\/wp-content\/uploads\/2019\/11\/founder-with-trending-topic.jpg 800w, https:\/\/www.caferacerworld.com\/wp-content\/uploads\/2019\/11\/founder-with-trending-topic-300x225.jpg 300w, https:\/\/www.caferacerworld.com\/wp-content\/uploads\/2019\/11\/founder-with-trending-topic-768x576.jpg 768w\" sizes=\"auto, (max-width: 800px) 100vw, 800px\" \/><\/a><\/figure>\n\n\n\n<p><\/p>\n\n\n\n<h2 class=\"wp-block-heading\"><strong>\u00bfY c\u00f3mo se pasa de una empresa como esa al mundo de la personalizaci\u00f3n de motos?<\/strong><\/h2>\n\n\n\n<p><\/p>\n\n\n\n<p>Bueno, la empresa de trabajos verticales funcionaba muy bien, pero tambi\u00e9n me absorb\u00eda por completo, <strong>alej\u00e1ndome de mi afici\u00f3n por el alpinismo<\/strong>.<\/p>\n\n\n\n<p>Pero en realidad, el cambio vino por <strong>varios golpes<\/strong> que me dio la <strong>vida <\/strong>all\u00e1 por el a\u00f1o 2000. Primero, un <strong>accidente de tr\u00e1fico<\/strong> que casi acaba conmigo; despu\u00e9s, una <strong>ca\u00edda en altura<\/strong> que me tuvo en cama m\u00e1s de un mes.<\/p>\n\n\n\n<p>De todo eso me recuper\u00e9 milagrosamente. Incluso <strong>llegu\u00e9 a organizar una \u00faltima expedici\u00f3n a Nepal<\/strong>. Pero ese a\u00f1o, la mala suerte volvi\u00f3 a jug\u00e1rmela. Al regresar de ese viaje, antes de embarcar en el avi\u00f3n que me llevar\u00eda de Pakist\u00e1n a Par\u00eds, fui confundido con un terrorista alban\u00e9s y <strong>encarcelado durante 15 d\u00edas<\/strong> en ese pa\u00eds.<\/p>\n\n\n\n<p>Esa terrible experiencia me hizo reflexionar mucho, y llegu\u00e9 a la conclusi\u00f3n de que era el momento de <strong>dejar de escalar<\/strong> y <strong>dedicarme<\/strong> a mi otra gran afici\u00f3n: <strong>pintar y modificar motos.<\/strong><\/p>\n\n\n\n<p><strong>Pero esa decisi\u00f3n implicar\u00eda un gran aprendizaje desde cero&#8230;<\/strong><\/p>\n\n\n\n<p>Efectivamente. En Espa\u00f1a, por aquel entonces, empezaban a emitirse documentales en <em>Discovery Channel<\/em> como <em>American Chopper<\/em> u <em>Overhaulin<\/em>. Esos programas de televisi\u00f3n <strong>me abrieron los ojos<\/strong>. As\u00ed que no lo dud\u00e9 y decid\u00ed <strong>viajar con frecuencia a Estados Unidos<\/strong> para conocer de primera mano toda esa cultura.<\/p>\n\n\n\n<p><\/p>\n\n\n\n<p><\/p>\n\n\n\n<figure class=\"wp-block-image\"><a href=\"https:\/\/www.caferacerworld.com\/wp-content\/uploads\/2019\/11\/fran-manen-cody-connelly-orange-country-chopper.jpg\"><img loading=\"lazy\" decoding=\"async\" width=\"1024\" height=\"683\" src=\"https:\/\/www.caferacerworld.com\/wp-content\/uploads\/2019\/11\/fran-manen-cody-connelly-orange-country-chopper-1024x683.jpg\" alt=\"Fran Manen with Cody Connelly of Orange Country Chopper\" class=\"wp-image-547\" srcset=\"https:\/\/www.caferacerworld.com\/wp-content\/uploads\/2019\/11\/fran-manen-cody-connelly-orange-country-chopper.jpg 1024w, https:\/\/www.caferacerworld.com\/wp-content\/uploads\/2019\/11\/fran-manen-cody-connelly-orange-country-chopper-300x200.jpg 300w, https:\/\/www.caferacerworld.com\/wp-content\/uploads\/2019\/11\/fran-manen-cody-connelly-orange-country-chopper-768x512.jpg 768w, https:\/\/www.caferacerworld.com\/wp-content\/uploads\/2019\/11\/fran-manen-cody-connelly-orange-country-chopper-600x400.jpg 600w\" sizes=\"auto, (max-width: 1024px) 100vw, 1024px\" \/><\/a><figcaption class=\"wp-element-caption\"><strong>Cody Connelly (Orange Country Chopper)<\/strong><\/figcaption><\/figure>\n\n\n\n<p>Pas\u00e9 largas temporadas all\u00ed, asistiendo a todos los <em>eventos de motocicletas<\/em> que pod\u00eda y conociendo a grandes personalidades del mundo custom. Pero lo m\u00e1s importante es que pude <strong>establecer relaciones profesionales<\/strong> tanto con <strong>fabricantes <\/strong>de la industria de la moto como con los <strong>constructores<\/strong> m\u00e1s reconocidos.<\/p>\n\n\n\n<p><\/p>\n\n\n\n<figure class=\"wp-block-image\"><a href=\"https:\/\/www.caferacerworld.com\/wp-content\/uploads\/2019\/11\/fran-manen-paul-teutul-american-chopper.jpg\"><img loading=\"lazy\" decoding=\"async\" width=\"1024\" height=\"683\" src=\"https:\/\/www.caferacerworld.com\/wp-content\/uploads\/2019\/11\/fran-manen-paul-teutul-american-chopper-1024x683.jpg\" alt=\"Fran Manen with Paul Teutul of American Chopper\" class=\"wp-image-546\" srcset=\"https:\/\/www.caferacerworld.com\/wp-content\/uploads\/2019\/11\/fran-manen-paul-teutul-american-chopper.jpg 1024w, https:\/\/www.caferacerworld.com\/wp-content\/uploads\/2019\/11\/fran-manen-paul-teutul-american-chopper-300x200.jpg 300w, https:\/\/www.caferacerworld.com\/wp-content\/uploads\/2019\/11\/fran-manen-paul-teutul-american-chopper-768x512.jpg 768w, https:\/\/www.caferacerworld.com\/wp-content\/uploads\/2019\/11\/fran-manen-paul-teutul-american-chopper-600x400.jpg 600w\" sizes=\"auto, (max-width: 1024px) 100vw, 1024px\" \/><\/a><figcaption class=\"wp-element-caption\"><strong>Paul Teutul (American Chopper)<\/strong><\/figcaption><\/figure>\n\n\n\n<h2 class=\"wp-block-heading\"><strong>\u00bfY fue entonces cuando creaste Lord Drake Kustoms?<\/strong><\/h2>\n\n\n\n<p>Bueno, casi. Volv\u00ed a Espa\u00f1a y adquir\u00ed <strong>mi primera Harley<\/strong>, que met\u00ed r\u00e1pidamente en mi garaje y comenc\u00e9 a modificar en mi tiempo libre. Recuerdo que una de las primeras cosas que hice fue colgar una pancarta en la entrada con el nombre de <strong>Lord Drake Kustoms.<\/strong><\/p>\n\n\n\n<p><\/p>\n\n\n\n<figure class=\"wp-block-image\"><a href=\"https:\/\/www.caferacerworld.com\/wp-content\/uploads\/2019\/11\/bio-fran-manen-12.jpg\"><img loading=\"lazy\" decoding=\"async\" width=\"1024\" height=\"683\" src=\"https:\/\/www.caferacerworld.com\/wp-content\/uploads\/2019\/11\/bio-fran-manen-12-1024x683.jpg\" alt=\"Fran Manen with one of his first custom motorcycles\" class=\"wp-image-551\" srcset=\"https:\/\/www.caferacerworld.com\/wp-content\/uploads\/2019\/11\/bio-fran-manen-12.jpg 1024w, https:\/\/www.caferacerworld.com\/wp-content\/uploads\/2019\/11\/bio-fran-manen-12-300x200.jpg 300w, https:\/\/www.caferacerworld.com\/wp-content\/uploads\/2019\/11\/bio-fran-manen-12-768x512.jpg 768w, https:\/\/www.caferacerworld.com\/wp-content\/uploads\/2019\/11\/bio-fran-manen-12-600x400.jpg 600w\" sizes=\"auto, (max-width: 1024px) 100vw, 1024px\" \/><\/a><\/figure>\n\n\n\n<p><\/p>\n\n\n\n<p>Esa motocicleta, que me llev\u00f3 casi un a\u00f1o personalizar, gan\u00f3 premios en todas las competiciones nacionales en las que la present\u00e9. El punto de inflexi\u00f3n fue cuando qued\u00f3 <strong>subcampeona de Europa en la categor\u00eda Big Twin en el Harley European Rally de 2017<\/strong>. En ese momento me di cuenta de que este <strong>hobby pod\u00eda convertirse en un trabajo.<\/strong><\/p>\n\n\n\n<p><\/p>\n\n\n\n<h2 class=\"wp-block-heading\"><strong>\u00bfQu\u00e9 te llev\u00f3 a emigrar a Estados Unidos?<\/strong><\/h2>\n\n\n\n<p><strong>Mont\u00e9 un taller<\/strong> con un amigo en Espa\u00f1a, al que dedicaba mis tardes libres. Pero pronto me di cuenta de que en mi pa\u00eds, al menos en esa \u00e9poca, <strong>no hab\u00eda inter\u00e9s en el mundo de la personalizaci\u00f3n<\/strong>. La mayor\u00eda de los trabajos que recib\u00edamos eran reparaciones, y pocas transformaciones.<\/p>\n\n\n\n<p><\/p>\n\n\n\n<figure class=\"wp-block-image\"><a href=\"https:\/\/www.caferacerworld.com\/wp-content\/uploads\/2019\/11\/bio-fran-manen-11.jpg\"><img loading=\"lazy\" decoding=\"async\" width=\"1024\" height=\"683\" src=\"https:\/\/www.caferacerworld.com\/wp-content\/uploads\/2019\/11\/bio-fran-manen-11-1024x683.jpg\" alt=\"Fran Manen in his workshop\" class=\"wp-image-550\" srcset=\"https:\/\/www.caferacerworld.com\/wp-content\/uploads\/2019\/11\/bio-fran-manen-11.jpg 1024w, https:\/\/www.caferacerworld.com\/wp-content\/uploads\/2019\/11\/bio-fran-manen-11-300x200.jpg 300w, https:\/\/www.caferacerworld.com\/wp-content\/uploads\/2019\/11\/bio-fran-manen-11-768x512.jpg 768w, https:\/\/www.caferacerworld.com\/wp-content\/uploads\/2019\/11\/bio-fran-manen-11-600x400.jpg 600w\" sizes=\"auto, (max-width: 1024px) 100vw, 1024px\" \/><\/a><\/figure>\n\n\n\n<p><\/p>\n\n\n\n<p>Segu\u00ed viajando regularmente a Estados Unidos y finalmente <strong>surgi\u00f3 una oportunidad de negocio en Miami<\/strong>. No lo pens\u00e9 dos veces y vend\u00ed mi empresa de trabajos verticales y casi todo lo que ten\u00eda para mudarme.<\/p>\n\n\n\n<p>Despu\u00e9s de muchos problemas burocr\u00e1ticos, consegu\u00ed crear y ser copropietario de una empresa de alquiler de motos y organizaci\u00f3n de rutas en moto en Miami: <a href=\"https:\/\/www.americanrider.net\" target=\"_blank\" rel=\"noreferrer noopener\">American Rider.<\/a><\/p>\n\n\n\n<p>Al mismo tiempo, continu\u00e9 con mi pasi\u00f3n por la personalizaci\u00f3n hasta que en 2012 decid\u00ed que era el momento de establecer <strong>Lord Drake Kustoms en Miami<\/strong>.<\/p>\n\n\n\n<p><\/p>\n\n\n\n<figure class=\"wp-block-image\"><a href=\"https:\/\/www.caferacerworld.com\/wp-content\/uploads\/2019\/11\/bio-fran-manen-17.jpg\"><img loading=\"lazy\" decoding=\"async\" width=\"1024\" height=\"683\" src=\"https:\/\/www.caferacerworld.com\/wp-content\/uploads\/2019\/11\/bio-fran-manen-17-1024x683.jpg\" alt=\"Fran Manen in Miami with his &quot;Red Baron&quot;\" class=\"wp-image-549\" srcset=\"https:\/\/www.caferacerworld.com\/wp-content\/uploads\/2019\/11\/bio-fran-manen-17.jpg 1024w, https:\/\/www.caferacerworld.com\/wp-content\/uploads\/2019\/11\/bio-fran-manen-17-300x200.jpg 300w, https:\/\/www.caferacerworld.com\/wp-content\/uploads\/2019\/11\/bio-fran-manen-17-768x512.jpg 768w, https:\/\/www.caferacerworld.com\/wp-content\/uploads\/2019\/11\/bio-fran-manen-17-600x400.jpg 600w\" sizes=\"auto, (max-width: 1024px) 100vw, 1024px\" \/><\/a><\/figure>\n\n\n\n<p><\/p>\n\n\n\n<h2 class=\"wp-block-heading\"><strong>\u00bfY que tal funciona?<\/strong><\/h2>\n\n\n\n<p>Bueno, creo que ha sido un \u00e9xito desde entonces. El taller est\u00e1 ubicado en el centro de Miami (Coconut Grove) y han pasado por \u00e9l <strong>muchas estrellas y artistas<\/strong> del mundo del <em>cine<\/em> y la <em>televisi\u00f3n<\/em>. Poco a poco, el nombre de <strong>Lord Drake Kustoms<\/strong> se fue haciendo conocido en las altas esferas de Miami y tuvimos clientes como <strong>Tom Kaulitz<\/strong> (de <em>Tokio Hotel<\/em>), <strong>Alejandro Sanz<\/strong> o <strong>Maroon 5<\/strong>, entre otros.<\/p>\n\n\n\n<p><\/p>\n\n\n\n<figure class=\"wp-block-image\"><a href=\"https:\/\/www.caferacerworld.com\/wp-content\/uploads\/2019\/11\/bio-fran-manen-18.jpg\"><img loading=\"lazy\" decoding=\"async\" width=\"1024\" height=\"683\" src=\"https:\/\/www.caferacerworld.com\/wp-content\/uploads\/2019\/11\/bio-fran-manen-18-1024x683.jpg\" alt=\"Fran Manen in Miami with one of his custom motorcycles\" class=\"wp-image-548\" srcset=\"https:\/\/www.caferacerworld.com\/wp-content\/uploads\/2019\/11\/bio-fran-manen-18.jpg 1024w, https:\/\/www.caferacerworld.com\/wp-content\/uploads\/2019\/11\/bio-fran-manen-18-300x200.jpg 300w, https:\/\/www.caferacerworld.com\/wp-content\/uploads\/2019\/11\/bio-fran-manen-18-768x512.jpg 768w, https:\/\/www.caferacerworld.com\/wp-content\/uploads\/2019\/11\/bio-fran-manen-18-600x400.jpg 600w\" sizes=\"auto, (max-width: 1024px) 100vw, 1024px\" \/><\/a><\/figure>\n\n\n\n<h4 class=\"wp-block-heading\"><\/h4>\n\n\n\n<p>Pero eso no es lo m\u00e1s importante, lo mejor fue que <strong>no dejamos de ganar campeonatos<\/strong>, incluyendo la <strong>Daytona Bike Week<\/strong>, un referente mundial en el mundo de la personalizaci\u00f3n. All\u00ed fuimos campeones en la <em>categor\u00eda Cafe Racer<\/em>. Tambi\u00e9n conseguimos dos premios en el <strong>Rat\u2019s Hole Bike Show<\/strong>, lo que nos ayud\u00f3 a darnos a conocer en todo el mundo.<\/p>\n\n\n\n<p><\/p>\n\n\n\n<h2 class=\"wp-block-heading\">De repente decides abrir otra sucursal en Espa\u00f1a, \u00bfcu\u00e1l fue la raz\u00f3n?<\/h2>\n\n\n\n<p>Como digo, ganar esos eventos nos hizo conocidos tambi\u00e9n fuera de Estados Unidos. De repente empezamos a <strong>recibir muchos pedidos desde Europa<\/strong>. Por eso, en un momento dado, decid\u00ed abrir una <strong>nueva sucursal en Espa\u00f1a <\/strong>para atender mejor la demanda del continente europeo.<\/p>\n\n\n\n<p>Fue una <strong>apuesta arriesgada<\/strong> porque no sab\u00eda con certeza la aceptaci\u00f3n que este tipo de producto tendr\u00eda en el viejo continente, a pesar del aumento en los pedidos. Pero pronto me di cuenta de que, al igual que en Estados Unidos, <strong>comenzamos a ganar muchos premios<\/strong>.<\/p>\n\n\n\n<p>En 2014 fuimos <em>subcampeones <\/em>en Europa, y en 2015 primeros y segundos en Europa. En 2016 fuimos declarados <strong>uno de los 10 mejores personalizadores<\/strong> del mundo en estilo Scrambler por una revista especializada japonesa. Tambi\u00e9n en 2016 quedamos quintos del mundo en la categor\u00eda <em>\u201cModified Harley\u201d<\/em> en el <strong>Campeonato Mundial AMD<\/strong>, en el que en 2018 obtuvimos tambi\u00e9n la 6\u00aa y 2\u00aa posici\u00f3n. En 2017 fuimos <em>campeones europeos dobles<\/em> en el HOG Rally Bike Show, del cual en 2019 volvimos a ser <em>campeones <\/em>y <em>subcampeones<\/em>\u2026<\/p>\n\n\n\n<p><\/p>\n\n\n\n<figure class=\"wp-block-image\"><a href=\"https:\/\/www.caferacerworld.com\/wp-content\/uploads\/2019\/11\/bio-fran-manen-01.jpg\"><img loading=\"lazy\" decoding=\"async\" width=\"1024\" height=\"683\" src=\"https:\/\/www.caferacerworld.com\/wp-content\/uploads\/2019\/11\/bio-fran-manen-01-1024x683.jpg\" alt=\"Fran Manen with Speedster\" class=\"wp-image-543\" srcset=\"https:\/\/www.caferacerworld.com\/wp-content\/uploads\/2019\/11\/bio-fran-manen-01.jpg 1024w, https:\/\/www.caferacerworld.com\/wp-content\/uploads\/2019\/11\/bio-fran-manen-01-300x200.jpg 300w, https:\/\/www.caferacerworld.com\/wp-content\/uploads\/2019\/11\/bio-fran-manen-01-768x512.jpg 768w, https:\/\/www.caferacerworld.com\/wp-content\/uploads\/2019\/11\/bio-fran-manen-01-600x400.jpg 600w\" sizes=\"auto, (max-width: 1024px) 100vw, 1024px\" \/><\/a><figcaption class=\"wp-element-caption\">\u00abSpeedster\u00bb was the runner-up at the AMD World Championship 2018<\/figcaption><\/figure>\n\n\n\n<p>En este \u00faltimo evento celebrado en Portugal, tuve la suerte de conocer a <strong>Karen Davidson<\/strong> (<em>nieta del due\u00f1o de Harley-Davidson<\/em>), quien qued\u00f3 maravillada con la moto que present\u00e9, consider\u00e1ndola una verdadera <strong>obra de arte sobre ruedas<\/strong>.<\/p>\n\n\n\n<p><\/p>\n\n\n\n<figure class=\"wp-block-image\"><a href=\"https:\/\/www.caferacerworld.com\/wp-content\/uploads\/2019\/11\/fran-manen-and-karen-davidson.jpg\"><img loading=\"lazy\" decoding=\"async\" width=\"1024\" height=\"768\" src=\"https:\/\/www.caferacerworld.com\/wp-content\/uploads\/2019\/11\/fran-manen-and-karen-davidson-1024x768.jpg\" alt=\"Fran Manen with Karen Davidson\" class=\"wp-image-537\" srcset=\"https:\/\/www.caferacerworld.com\/wp-content\/uploads\/2019\/11\/fran-manen-and-karen-davidson.jpg 1024w, https:\/\/www.caferacerworld.com\/wp-content\/uploads\/2019\/11\/fran-manen-and-karen-davidson-300x225.jpg 300w, https:\/\/www.caferacerworld.com\/wp-content\/uploads\/2019\/11\/fran-manen-and-karen-davidson-768x576.jpg 768w\" sizes=\"auto, (max-width: 1024px) 100vw, 1024px\" \/><\/a><figcaption class=\"wp-element-caption\">Karen Davidson encantada con la \u00abEnvy\u00bb de Lord Drake Kustoms.<\/figcaption><\/figure>\n\n\n\n<p>Sin duda, Europa tambi\u00e9n tiene un <strong>gran inter\u00e9s<\/strong> en el mundo de la <strong>moto custom<\/strong>.<\/p>\n\n\n\n<p><\/p>\n\n\n\n<h2 class=\"wp-block-heading\"><strong>Tu exhibici\u00f3n de premios es envidiable, pero 2019 tambi\u00e9n ha sido un a\u00f1o muy especial para ti y tu empresa.<\/strong><\/h2>\n\n\n\n<p><\/p>\n\n\n\n<p>S\u00ed, realmente ha sido un a\u00f1o lleno de <strong>momentos inolvidables y muchas sorpresas.<\/strong><\/p>\n\n\n\n<p>Primero, fue un honor cuando <strong><em>Discovery Channel<\/em><\/strong> me invit\u00f3 a la Gala ben\u00e9fica que organiza <strong>Antonio Banderas<\/strong> dentro de la <em>Miami Fashion Week<\/em>. All\u00ed subastamos dos de mis motocicletas para dos buenas causas, recaudando fondos para la <a href=\"https:\/\/give.nicklauschildrens.org\/home\" target=\"_blank\" rel=\"noreferrer noopener\">Fundaci\u00f3n del Hospital Infantil Nicklaus<\/a> y la <a href=\"https:\/\/cofradiasfusionadas.org\/lagrimas\/\" target=\"_blank\" rel=\"noreferrer noopener\">Fundaci\u00f3n de L\u00e1grimas y Favores<\/a>.<\/p>\n\n\n\n<p><\/p>\n\n\n\n<figure class=\"wp-block-image\"><a href=\"https:\/\/www.caferacerworld.com\/wp-content\/uploads\/2019\/11\/franciso-ali-manen-antonio-banderas.jpg\"><img loading=\"lazy\" decoding=\"async\" width=\"1024\" height=\"768\" src=\"https:\/\/www.caferacerworld.com\/wp-content\/uploads\/2019\/11\/franciso-ali-manen-antonio-banderas-1024x768.jpg\" alt=\"Fran Manen with Antonio Banderas\" class=\"wp-image-541\" srcset=\"https:\/\/www.caferacerworld.com\/wp-content\/uploads\/2019\/11\/franciso-ali-manen-antonio-banderas.jpg 1024w, https:\/\/www.caferacerworld.com\/wp-content\/uploads\/2019\/11\/franciso-ali-manen-antonio-banderas-300x225.jpg 300w, https:\/\/www.caferacerworld.com\/wp-content\/uploads\/2019\/11\/franciso-ali-manen-antonio-banderas-768x576.jpg 768w\" sizes=\"auto, (max-width: 1024px) 100vw, 1024px\" \/><\/a><figcaption class=\"wp-element-caption\">Antonio Banderas posa junto a \u00abRusty Rush\u00bb, una de las motocicletas subastadas.<\/figcaption><\/figure>\n\n\n\n<p>Tambi\u00e9n tuve el placer de conocer, adem\u00e1s de a <strong>Antonio Banderas<\/strong>, a grandes personalidades como <strong>Emilio Estefan, Juanes, Nicole Kimpel<\/strong> y <strong>\u00c1gatha Ruiz de la Prada.<\/strong><\/p>\n\n\n\n<p><\/p>\n\n\n\n<figure class=\"wp-block-image\"><a href=\"https:\/\/www.caferacerworld.com\/wp-content\/uploads\/2019\/11\/francisco-ali-manen-emilio-estefan.jpg\"><img loading=\"lazy\" decoding=\"async\" width=\"1024\" height=\"768\" src=\"https:\/\/www.caferacerworld.com\/wp-content\/uploads\/2019\/11\/francisco-ali-manen-emilio-estefan-1024x768.jpg\" alt=\"Fran Manen with Emilio Estefan\" class=\"wp-image-542\" srcset=\"https:\/\/www.caferacerworld.com\/wp-content\/uploads\/2019\/11\/francisco-ali-manen-emilio-estefan.jpg 1024w, https:\/\/www.caferacerworld.com\/wp-content\/uploads\/2019\/11\/francisco-ali-manen-emilio-estefan-300x225.jpg 300w, https:\/\/www.caferacerworld.com\/wp-content\/uploads\/2019\/11\/francisco-ali-manen-emilio-estefan-768x576.jpg 768w\" sizes=\"auto, (max-width: 1024px) 100vw, 1024px\" \/><\/a><figcaption class=\"wp-element-caption\">Emilio Estefan<\/figcaption><\/figure>\n\n\n\n<div class=\"wp-block-columns has-2-columns is-layout-flex wp-container-core-columns-is-layout-28f84493 wp-block-columns-is-layout-flex\">\n<div class=\"wp-block-column is-layout-flow wp-block-column-is-layout-flow\">\n<figure class=\"wp-block-image\"><a href=\"https:\/\/www.caferacerworld.com\/wp-content\/uploads\/2019\/11\/francisco-ali-y-juanes.jpg\"><img loading=\"lazy\" decoding=\"async\" width=\"768\" height=\"1024\" src=\"https:\/\/www.caferacerworld.com\/wp-content\/uploads\/2019\/11\/francisco-ali-y-juanes-768x1024.jpg\" alt=\"Fran Manen with Juanes\" class=\"wp-image-540\" srcset=\"https:\/\/www.caferacerworld.com\/wp-content\/uploads\/2019\/11\/francisco-ali-y-juanes-768x1024.jpg 768w, https:\/\/www.caferacerworld.com\/wp-content\/uploads\/2019\/11\/francisco-ali-y-juanes-225x300.jpg 225w, https:\/\/www.caferacerworld.com\/wp-content\/uploads\/2019\/11\/francisco-ali-y-juanes.jpg 1200w\" sizes=\"auto, (max-width: 768px) 100vw, 768px\" \/><\/a><figcaption class=\"wp-element-caption\">Juanes<\/figcaption><\/figure>\n<\/div>\n\n\n\n<div class=\"wp-block-column is-layout-flow wp-block-column-is-layout-flow\">\n<figure class=\"wp-block-image\"><a href=\"https:\/\/www.caferacerworld.com\/wp-content\/uploads\/2019\/11\/fran-manen-francisca-lachapel.jpg\"><img loading=\"lazy\" decoding=\"async\" width=\"768\" height=\"1024\" src=\"https:\/\/www.caferacerworld.com\/wp-content\/uploads\/2019\/11\/fran-manen-francisca-lachapel-768x1024.jpg\" alt=\"Fran Manen with Francisca Lachapel\" class=\"wp-image-538\" srcset=\"https:\/\/www.caferacerworld.com\/wp-content\/uploads\/2019\/11\/fran-manen-francisca-lachapel-768x1024.jpg 768w, https:\/\/www.caferacerworld.com\/wp-content\/uploads\/2019\/11\/fran-manen-francisca-lachapel-225x300.jpg 225w, https:\/\/www.caferacerworld.com\/wp-content\/uploads\/2019\/11\/fran-manen-francisca-lachapel.jpg 1200w\" sizes=\"auto, (max-width: 768px) 100vw, 768px\" \/><\/a><figcaption class=\"wp-element-caption\">Francisca Lachapel<\/figcaption><\/figure>\n<\/div>\n<\/div>\n\n\n\n<figure class=\"wp-block-image is-resized\"><a href=\"https:\/\/www.caferacerworld.com\/wp-content\/uploads\/2019\/11\/fran-manen-nicole-kimpel.jpg\"><img loading=\"lazy\" decoding=\"async\" width=\"1024\" height=\"768\" src=\"https:\/\/www.caferacerworld.com\/wp-content\/uploads\/2019\/11\/fran-manen-nicole-kimpel-1024x768.jpg\" alt=\"Fran Manen with Nicole Kimpel\" class=\"wp-image-539\" style=\"width:640px;height:auto\" srcset=\"https:\/\/www.caferacerworld.com\/wp-content\/uploads\/2019\/11\/fran-manen-nicole-kimpel-1024x768.jpg 1024w, https:\/\/www.caferacerworld.com\/wp-content\/uploads\/2019\/11\/fran-manen-nicole-kimpel-300x225.jpg 300w, https:\/\/www.caferacerworld.com\/wp-content\/uploads\/2019\/11\/fran-manen-nicole-kimpel-768x576.jpg 768w, https:\/\/www.caferacerworld.com\/wp-content\/uploads\/2019\/11\/fran-manen-nicole-kimpel.jpg 1600w\" sizes=\"auto, (max-width: 1024px) 100vw, 1024px\" \/><\/a><figcaption class=\"wp-element-caption\">Nicole Kimpel<\/figcaption><\/figure>\n\n\n\n<p>Con esta \u00faltima tuve la gran suerte de mantener una <strong>conversaci\u00f3n interesante<\/strong> que nos <strong>llev\u00f3 a colaborar juntos<\/strong> en un proyecto que, creo, ha <strong>roto muchos esquemas en el mundo de la personalizaci\u00f3n de motos.<\/strong><\/p>\n\n\n\n<p><\/p>\n\n\n\n<div class=\"wp-block-columns has-2-columns is-layout-flex wp-container-core-columns-is-layout-28f84493 wp-block-columns-is-layout-flex\">\n<div class=\"wp-block-column is-layout-flow wp-block-column-is-layout-flow\">\n<figure class=\"wp-block-image\"><a href=\"https:\/\/www.caferacerworld.com\/wp-content\/uploads\/2019\/11\/fran-manen-y-agatha-ruiz.jpg\"><img loading=\"lazy\" decoding=\"async\" width=\"1024\" height=\"768\" src=\"https:\/\/www.caferacerworld.com\/wp-content\/uploads\/2019\/11\/fran-manen-y-agatha-ruiz-1024x768.jpg\" alt=\"Fran Manen with \u00c1gatha Ruiz de la Prada\" class=\"wp-image-524\" srcset=\"https:\/\/www.caferacerworld.com\/wp-content\/uploads\/2019\/11\/fran-manen-y-agatha-ruiz.jpg 1024w, https:\/\/www.caferacerworld.com\/wp-content\/uploads\/2019\/11\/fran-manen-y-agatha-ruiz-300x225.jpg 300w, https:\/\/www.caferacerworld.com\/wp-content\/uploads\/2019\/11\/fran-manen-y-agatha-ruiz-768x576.jpg 768w\" sizes=\"auto, (max-width: 1024px) 100vw, 1024px\" \/><\/a><figcaption class=\"wp-element-caption\">\u00c1gatha Ruiz de la Prada<\/figcaption><\/figure>\n<\/div>\n\n\n\n<div class=\"wp-block-column is-layout-flow wp-block-column-is-layout-flow\">\n<figure class=\"wp-block-image\"><a href=\"https:\/\/www.caferacerworld.com\/wp-content\/uploads\/2019\/11\/fran-manen-harley-aghatizada-1.jpg\"><img loading=\"lazy\" decoding=\"async\" width=\"1024\" height=\"768\" src=\"https:\/\/www.caferacerworld.com\/wp-content\/uploads\/2019\/11\/fran-manen-harley-aghatizada-1-1024x768.jpg\" alt=\"Fran Manen with the Harley Agathizada\" class=\"wp-image-535\" srcset=\"https:\/\/www.caferacerworld.com\/wp-content\/uploads\/2019\/11\/fran-manen-harley-aghatizada-1.jpg 1024w, https:\/\/www.caferacerworld.com\/wp-content\/uploads\/2019\/11\/fran-manen-harley-aghatizada-1-300x225.jpg 300w, https:\/\/www.caferacerworld.com\/wp-content\/uploads\/2019\/11\/fran-manen-harley-aghatizada-1-768x576.jpg 768w\" sizes=\"auto, (max-width: 1024px) 100vw, 1024px\" \/><\/a><figcaption class=\"wp-element-caption\">La \u00abHarley Agathizada\u00bb<\/figcaption><\/figure>\n<\/div>\n<\/div>\n\n\n\n<p><\/p>\n\n\n\n<p>Este proyecto fue la <a href=\"https:\/\/www.caferacerworld.com\/a-harley-full-of-color\/\" target=\"_blank\" rel=\"noreferrer noopener\">Harley \u00abAgathizada\u00bb<\/a>, una motocicleta que ha dado mucho que hablar, y que se present\u00f3 en Marbella en otra gala ben\u00e9fica, esta vez contra el c\u00e1ncer.<\/p>\n\n\n\n<p><\/p>\n\n\n\n<figure class=\"wp-block-image\"><a href=\"https:\/\/www.caferacerworld.com\/wp-content\/uploads\/2019\/11\/moto-agatha-fran-manen.jpg\"><img loading=\"lazy\" decoding=\"async\" width=\"1024\" height=\"768\" src=\"https:\/\/www.caferacerworld.com\/wp-content\/uploads\/2019\/11\/moto-agatha-fran-manen-1024x768.jpg\" alt=\"Fran Manen and \u00c1gatha Ruiz de la Prada at the presentation of the Harley Agathizada\" class=\"wp-image-536\" srcset=\"https:\/\/www.caferacerworld.com\/wp-content\/uploads\/2019\/11\/moto-agatha-fran-manen.jpg 1024w, https:\/\/www.caferacerworld.com\/wp-content\/uploads\/2019\/11\/moto-agatha-fran-manen-300x225.jpg 300w, https:\/\/www.caferacerworld.com\/wp-content\/uploads\/2019\/11\/moto-agatha-fran-manen-768x576.jpg 768w\" sizes=\"auto, (max-width: 1024px) 100vw, 1024px\" \/><\/a><figcaption class=\"wp-element-caption\">Presentaci\u00f3n de la \u00abHarley Agathizada\u00bb en Marbella (Espa\u00f1a) durante la gala contra el c\u00e1ncer.<\/figcaption><\/figure>\n\n\n\n<p><\/p>\n\n\n\n<h2 class=\"wp-block-heading\"><strong>Finalmente, \u00bfqu\u00e9 planes tiene Lord Drake Kustoms para el futuro?<\/strong><\/h2>\n\n\n\n<p>Llevamos a\u00f1os con un proyecto televisivo que esperamos ver la luz pronto, pero a\u00fan es pronto para dar detalles. Pero, en definitiva, seguiremos, como dije al principio, trabajando con perseverancia y humildad.<\/p>\n\n\n\n<h3 class=\"wp-block-heading\"><\/h3>\n\n\n\n<p><\/p>\n","protected":false},"excerpt":{"rendered":"<p>Fran Manen ha sido considerado uno de los mejores personalizadores de motos del mundo. En Cafe Racer World<\/p>\n","protected":false},"author":1,"featured_media":552,"comment_status":"open","ping_status":"open","sticky":false,"template":"","format":"standard","meta":{"footnotes":""},"categories":[22],"tags":[],"class_list":["post-529","post","type-post","status-publish","format-standard","has-post-thumbnail","hentry","category-entrevistas"],"yoast_head":"<!-- This site is optimized with the Yoast SEO plugin v25.4 - https:\/\/yoast.com\/wordpress\/plugins\/seo\/ -->\n<title>Entrevista con Fran Manen, &quot;El se\u00f1or de las motocicletas&quot; -<\/title>\n<meta name=\"description\" content=\"Fran Manen has been considered one of the best motorcycle customizer of the world. Discover the secrets of his brand Lord Drake Kustoms.\" \/>\n<meta name=\"robots\" content=\"index, follow, max-snippet:-1, max-image-preview:large, max-video-preview:-1\" \/>\n<link rel=\"canonical\" href=\"https:\/\/www.caferacerworld.com\/es\/interview-with-fran-manen\/\" \/>\n<meta property=\"og:locale\" content=\"es_ES\" \/>\n<meta property=\"og:type\" content=\"article\" \/>\n<meta property=\"og:title\" content=\"Entrevista con Fran Manen, &quot;El se\u00f1or de las motocicletas&quot; -\" \/>\n<meta property=\"og:description\" content=\"Fran Manen has been considered one of the best motorcycle customizer of the world. Discover the secrets of his brand Lord Drake Kustoms.\" \/>\n<meta property=\"og:url\" content=\"https:\/\/www.caferacerworld.com\/es\/interview-with-fran-manen\/\" \/>\n<meta property=\"og:site_name\" content=\"Cafe Racer World\" \/>\n<meta property=\"article:publisher\" content=\"https:\/\/www.facebook.com\/profile.php?id=61579424306050\" \/>\n<meta property=\"article:published_time\" content=\"2019-11-08T13:09:39+00:00\" \/>\n<meta property=\"article:modified_time\" content=\"2025-08-27T06:51:52+00:00\" \/>\n<meta property=\"og:image\" content=\"https:\/\/www.caferacerworld.com\/wp-content\/uploads\/2019\/11\/founder-with-trending-topic.jpg\" \/>\n\t<meta property=\"og:image:width\" content=\"800\" \/>\n\t<meta property=\"og:image:height\" content=\"600\" \/>\n\t<meta property=\"og:image:type\" content=\"image\/jpeg\" \/>\n<meta name=\"author\" content=\"caferacer\" \/>\n<meta name=\"twitter:card\" content=\"summary_large_image\" \/>\n<meta name=\"twitter:label1\" content=\"Escrito por\" \/>\n\t<meta name=\"twitter:data1\" content=\"caferacer\" \/>\n\t<meta name=\"twitter:label2\" content=\"Tiempo de lectura\" \/>\n\t<meta name=\"twitter:data2\" content=\"11 minutos\" \/>\n<script type=\"application\/ld+json\" class=\"yoast-schema-graph\">{\"@context\":\"https:\/\/schema.org\",\"@graph\":[{\"@type\":\"Article\",\"@id\":\"https:\/\/www.caferacerworld.com\/es\/interview-with-fran-manen\/#article\",\"isPartOf\":{\"@id\":\"https:\/\/www.caferacerworld.com\/es\/interview-with-fran-manen\/\"},\"author\":{\"name\":\"caferacer\",\"@id\":\"https:\/\/www.caferacerworld.com\/es\/#\/schema\/person\/f53266c5722a1bfe7280939b3daf386d\"},\"headline\":\"Entrevista con Fran Manen, \u00abEl se\u00f1or de las motocicletas\u00bb\",\"datePublished\":\"2019-11-08T13:09:39+00:00\",\"dateModified\":\"2025-08-27T06:51:52+00:00\",\"mainEntityOfPage\":{\"@id\":\"https:\/\/www.caferacerworld.com\/es\/interview-with-fran-manen\/\"},\"wordCount\":1583,\"commentCount\":0,\"publisher\":{\"@id\":\"https:\/\/www.caferacerworld.com\/es\/#organization\"},\"image\":{\"@id\":\"https:\/\/www.caferacerworld.com\/es\/interview-with-fran-manen\/#primaryimage\"},\"thumbnailUrl\":\"https:\/\/www.caferacerworld.com\/wp-content\/uploads\/2019\/11\/founder-with-trending-topic.jpg\",\"articleSection\":[\"Entrevistas\"],\"inLanguage\":\"es\",\"potentialAction\":[{\"@type\":\"CommentAction\",\"name\":\"Comment\",\"target\":[\"https:\/\/www.caferacerworld.com\/es\/interview-with-fran-manen\/#respond\"]}]},{\"@type\":\"WebPage\",\"@id\":\"https:\/\/www.caferacerworld.com\/es\/interview-with-fran-manen\/\",\"url\":\"https:\/\/www.caferacerworld.com\/es\/interview-with-fran-manen\/\",\"name\":\"Entrevista con Fran Manen, \\\"El se\u00f1or de las motocicletas\\\" -\",\"isPartOf\":{\"@id\":\"https:\/\/www.caferacerworld.com\/es\/#website\"},\"primaryImageOfPage\":{\"@id\":\"https:\/\/www.caferacerworld.com\/es\/interview-with-fran-manen\/#primaryimage\"},\"image\":{\"@id\":\"https:\/\/www.caferacerworld.com\/es\/interview-with-fran-manen\/#primaryimage\"},\"thumbnailUrl\":\"https:\/\/www.caferacerworld.com\/wp-content\/uploads\/2019\/11\/founder-with-trending-topic.jpg\",\"datePublished\":\"2019-11-08T13:09:39+00:00\",\"dateModified\":\"2025-08-27T06:51:52+00:00\",\"description\":\"Fran Manen has been considered one of the best motorcycle customizer of the world. Discover the secrets of his brand Lord Drake Kustoms.\",\"breadcrumb\":{\"@id\":\"https:\/\/www.caferacerworld.com\/es\/interview-with-fran-manen\/#breadcrumb\"},\"inLanguage\":\"es\",\"potentialAction\":[{\"@type\":\"ReadAction\",\"target\":[\"https:\/\/www.caferacerworld.com\/es\/interview-with-fran-manen\/\"]}]},{\"@type\":\"ImageObject\",\"inLanguage\":\"es\",\"@id\":\"https:\/\/www.caferacerworld.com\/es\/interview-with-fran-manen\/#primaryimage\",\"url\":\"https:\/\/www.caferacerworld.com\/wp-content\/uploads\/2019\/11\/founder-with-trending-topic.jpg\",\"contentUrl\":\"https:\/\/www.caferacerworld.com\/wp-content\/uploads\/2019\/11\/founder-with-trending-topic.jpg\",\"width\":800,\"height\":600},{\"@type\":\"BreadcrumbList\",\"@id\":\"https:\/\/www.caferacerworld.com\/es\/interview-with-fran-manen\/#breadcrumb\",\"itemListElement\":[{\"@type\":\"ListItem\",\"position\":1,\"name\":\"Portada\",\"item\":\"https:\/\/www.caferacerworld.com\/es\/\"},{\"@type\":\"ListItem\",\"position\":2,\"name\":\"Entrevista con Fran Manen, \u00abEl se\u00f1or de las motocicletas\u00bb\"}]},{\"@type\":\"WebSite\",\"@id\":\"https:\/\/www.caferacerworld.com\/es\/#website\",\"url\":\"https:\/\/www.caferacerworld.com\/es\/\",\"name\":\"Cafe Racer World\",\"description\":\"\",\"publisher\":{\"@id\":\"https:\/\/www.caferacerworld.com\/es\/#organization\"},\"potentialAction\":[{\"@type\":\"SearchAction\",\"target\":{\"@type\":\"EntryPoint\",\"urlTemplate\":\"https:\/\/www.caferacerworld.com\/es\/?s={search_term_string}\"},\"query-input\":{\"@type\":\"PropertyValueSpecification\",\"valueRequired\":true,\"valueName\":\"search_term_string\"}}],\"inLanguage\":\"es\"},{\"@type\":\"Organization\",\"@id\":\"https:\/\/www.caferacerworld.com\/es\/#organization\",\"name\":\"Cafe Racer World\",\"url\":\"https:\/\/www.caferacerworld.com\/es\/\",\"logo\":{\"@type\":\"ImageObject\",\"inLanguage\":\"es\",\"@id\":\"https:\/\/www.caferacerworld.com\/es\/#\/schema\/logo\/image\/\",\"url\":\"https:\/\/www.caferacerworld.com\/wp-content\/uploads\/2019\/10\/logo-crw-4-1.png\",\"contentUrl\":\"https:\/\/www.caferacerworld.com\/wp-content\/uploads\/2019\/10\/logo-crw-4-1.png\",\"width\":540,\"height\":160,\"caption\":\"Cafe Racer World\"},\"image\":{\"@id\":\"https:\/\/www.caferacerworld.com\/es\/#\/schema\/logo\/image\/\"},\"sameAs\":[\"https:\/\/www.facebook.com\/profile.php?id=61579424306050\",\"https:\/\/www.instagram.com\/caferacerworld_oficial\/\"]},{\"@type\":\"Person\",\"@id\":\"https:\/\/www.caferacerworld.com\/es\/#\/schema\/person\/f53266c5722a1bfe7280939b3daf386d\",\"name\":\"caferacer\",\"image\":{\"@type\":\"ImageObject\",\"inLanguage\":\"es\",\"@id\":\"https:\/\/www.caferacerworld.com\/es\/#\/schema\/person\/image\/\",\"url\":\"https:\/\/secure.gravatar.com\/avatar\/8d6dcab9ee12841d4b3c71b7639455bb04683d31fd41ad66ec3164209d3e2a0b?s=96&d=mm&r=g\",\"contentUrl\":\"https:\/\/secure.gravatar.com\/avatar\/8d6dcab9ee12841d4b3c71b7639455bb04683d31fd41ad66ec3164209d3e2a0b?s=96&d=mm&r=g\",\"caption\":\"caferacer\"}}]}<\/script>\n<!-- \/ Yoast SEO plugin. -->","yoast_head_json":{"title":"Entrevista con Fran Manen, \"El se\u00f1or de las motocicletas\" -","description":"Fran Manen has been considered one of the best motorcycle customizer of the world. Discover the secrets of his brand Lord Drake Kustoms.","robots":{"index":"index","follow":"follow","max-snippet":"max-snippet:-1","max-image-preview":"max-image-preview:large","max-video-preview":"max-video-preview:-1"},"canonical":"https:\/\/www.caferacerworld.com\/es\/interview-with-fran-manen\/","og_locale":"es_ES","og_type":"article","og_title":"Entrevista con Fran Manen, \"El se\u00f1or de las motocicletas\" -","og_description":"Fran Manen has been considered one of the best motorcycle customizer of the world. Discover the secrets of his brand Lord Drake Kustoms.","og_url":"https:\/\/www.caferacerworld.com\/es\/interview-with-fran-manen\/","og_site_name":"Cafe Racer World","article_publisher":"https:\/\/www.facebook.com\/profile.php?id=61579424306050","article_published_time":"2019-11-08T13:09:39+00:00","article_modified_time":"2025-08-27T06:51:52+00:00","og_image":[{"width":800,"height":600,"url":"https:\/\/www.caferacerworld.com\/wp-content\/uploads\/2019\/11\/founder-with-trending-topic.jpg","type":"image\/jpeg"}],"author":"caferacer","twitter_card":"summary_large_image","twitter_misc":{"Escrito por":"caferacer","Tiempo de lectura":"11 minutos"},"schema":{"@context":"https:\/\/schema.org","@graph":[{"@type":"Article","@id":"https:\/\/www.caferacerworld.com\/es\/interview-with-fran-manen\/#article","isPartOf":{"@id":"https:\/\/www.caferacerworld.com\/es\/interview-with-fran-manen\/"},"author":{"name":"caferacer","@id":"https:\/\/www.caferacerworld.com\/es\/#\/schema\/person\/f53266c5722a1bfe7280939b3daf386d"},"headline":"Entrevista con Fran Manen, \u00abEl se\u00f1or de las motocicletas\u00bb","datePublished":"2019-11-08T13:09:39+00:00","dateModified":"2025-08-27T06:51:52+00:00","mainEntityOfPage":{"@id":"https:\/\/www.caferacerworld.com\/es\/interview-with-fran-manen\/"},"wordCount":1583,"commentCount":0,"publisher":{"@id":"https:\/\/www.caferacerworld.com\/es\/#organization"},"image":{"@id":"https:\/\/www.caferacerworld.com\/es\/interview-with-fran-manen\/#primaryimage"},"thumbnailUrl":"https:\/\/www.caferacerworld.com\/wp-content\/uploads\/2019\/11\/founder-with-trending-topic.jpg","articleSection":["Entrevistas"],"inLanguage":"es","potentialAction":[{"@type":"CommentAction","name":"Comment","target":["https:\/\/www.caferacerworld.com\/es\/interview-with-fran-manen\/#respond"]}]},{"@type":"WebPage","@id":"https:\/\/www.caferacerworld.com\/es\/interview-with-fran-manen\/","url":"https:\/\/www.caferacerworld.com\/es\/interview-with-fran-manen\/","name":"Entrevista con Fran Manen, \"El se\u00f1or de las motocicletas\" -","isPartOf":{"@id":"https:\/\/www.caferacerworld.com\/es\/#website"},"primaryImageOfPage":{"@id":"https:\/\/www.caferacerworld.com\/es\/interview-with-fran-manen\/#primaryimage"},"image":{"@id":"https:\/\/www.caferacerworld.com\/es\/interview-with-fran-manen\/#primaryimage"},"thumbnailUrl":"https:\/\/www.caferacerworld.com\/wp-content\/uploads\/2019\/11\/founder-with-trending-topic.jpg","datePublished":"2019-11-08T13:09:39+00:00","dateModified":"2025-08-27T06:51:52+00:00","description":"Fran Manen has been considered one of the best motorcycle customizer of the world. Discover the secrets of his brand Lord Drake Kustoms.","breadcrumb":{"@id":"https:\/\/www.caferacerworld.com\/es\/interview-with-fran-manen\/#breadcrumb"},"inLanguage":"es","potentialAction":[{"@type":"ReadAction","target":["https:\/\/www.caferacerworld.com\/es\/interview-with-fran-manen\/"]}]},{"@type":"ImageObject","inLanguage":"es","@id":"https:\/\/www.caferacerworld.com\/es\/interview-with-fran-manen\/#primaryimage","url":"https:\/\/www.caferacerworld.com\/wp-content\/uploads\/2019\/11\/founder-with-trending-topic.jpg","contentUrl":"https:\/\/www.caferacerworld.com\/wp-content\/uploads\/2019\/11\/founder-with-trending-topic.jpg","width":800,"height":600},{"@type":"BreadcrumbList","@id":"https:\/\/www.caferacerworld.com\/es\/interview-with-fran-manen\/#breadcrumb","itemListElement":[{"@type":"ListItem","position":1,"name":"Portada","item":"https:\/\/www.caferacerworld.com\/es\/"},{"@type":"ListItem","position":2,"name":"Entrevista con Fran Manen, \u00abEl se\u00f1or de las motocicletas\u00bb"}]},{"@type":"WebSite","@id":"https:\/\/www.caferacerworld.com\/es\/#website","url":"https:\/\/www.caferacerworld.com\/es\/","name":"Cafe Racer World","description":"","publisher":{"@id":"https:\/\/www.caferacerworld.com\/es\/#organization"},"potentialAction":[{"@type":"SearchAction","target":{"@type":"EntryPoint","urlTemplate":"https:\/\/www.caferacerworld.com\/es\/?s={search_term_string}"},"query-input":{"@type":"PropertyValueSpecification","valueRequired":true,"valueName":"search_term_string"}}],"inLanguage":"es"},{"@type":"Organization","@id":"https:\/\/www.caferacerworld.com\/es\/#organization","name":"Cafe Racer World","url":"https:\/\/www.caferacerworld.com\/es\/","logo":{"@type":"ImageObject","inLanguage":"es","@id":"https:\/\/www.caferacerworld.com\/es\/#\/schema\/logo\/image\/","url":"https:\/\/www.caferacerworld.com\/wp-content\/uploads\/2019\/10\/logo-crw-4-1.png","contentUrl":"https:\/\/www.caferacerworld.com\/wp-content\/uploads\/2019\/10\/logo-crw-4-1.png","width":540,"height":160,"caption":"Cafe Racer World"},"image":{"@id":"https:\/\/www.caferacerworld.com\/es\/#\/schema\/logo\/image\/"},"sameAs":["https:\/\/www.facebook.com\/profile.php?id=61579424306050","https:\/\/www.instagram.com\/caferacerworld_oficial\/"]},{"@type":"Person","@id":"https:\/\/www.caferacerworld.com\/es\/#\/schema\/person\/f53266c5722a1bfe7280939b3daf386d","name":"caferacer","image":{"@type":"ImageObject","inLanguage":"es","@id":"https:\/\/www.caferacerworld.com\/es\/#\/schema\/person\/image\/","url":"https:\/\/secure.gravatar.com\/avatar\/8d6dcab9ee12841d4b3c71b7639455bb04683d31fd41ad66ec3164209d3e2a0b?s=96&d=mm&r=g","contentUrl":"https:\/\/secure.gravatar.com\/avatar\/8d6dcab9ee12841d4b3c71b7639455bb04683d31fd41ad66ec3164209d3e2a0b?s=96&d=mm&r=g","caption":"caferacer"}}]}},"featured_image_src":"https:\/\/www.caferacerworld.com\/wp-content\/uploads\/2019\/11\/founder-with-trending-topic-600x400.jpg","featured_image_src_square":"https:\/\/www.caferacerworld.com\/wp-content\/uploads\/2019\/11\/founder-with-trending-topic-600x600.jpg","author_info":{"display_name":"caferacer","author_link":"https:\/\/www.caferacerworld.com\/es\/author\/caferacer\/"},"_links":{"self":[{"href":"https:\/\/www.caferacerworld.com\/es\/wp-json\/wp\/v2\/posts\/529","targetHints":{"allow":["GET"]}}],"collection":[{"href":"https:\/\/www.caferacerworld.com\/es\/wp-json\/wp\/v2\/posts"}],"about":[{"href":"https:\/\/www.caferacerworld.com\/es\/wp-json\/wp\/v2\/types\/post"}],"author":[{"embeddable":true,"href":"https:\/\/www.caferacerworld.com\/es\/wp-json\/wp\/v2\/users\/1"}],"replies":[{"embeddable":true,"href":"https:\/\/www.caferacerworld.com\/es\/wp-json\/wp\/v2\/comments?post=529"}],"version-history":[{"count":13,"href":"https:\/\/www.caferacerworld.com\/es\/wp-json\/wp\/v2\/posts\/529\/revisions"}],"predecessor-version":[{"id":2857,"href":"https:\/\/www.caferacerworld.com\/es\/wp-json\/wp\/v2\/posts\/529\/revisions\/2857"}],"wp:featuredmedia":[{"embeddable":true,"href":"https:\/\/www.caferacerworld.com\/es\/wp-json\/wp\/v2\/media\/552"}],"wp:attachment":[{"href":"https:\/\/www.caferacerworld.com\/es\/wp-json\/wp\/v2\/media?parent=529"}],"wp:term":[{"taxonomy":"category","embeddable":true,"href":"https:\/\/www.caferacerworld.com\/es\/wp-json\/wp\/v2\/categories?post=529"},{"taxonomy":"post_tag","embeddable":true,"href":"https:\/\/www.caferacerworld.com\/es\/wp-json\/wp\/v2\/tags?post=529"}],"curies":[{"name":"wp","href":"https:\/\/api.w.org\/{rel}","templated":true}]}}