{"id":610,"date":"2019-11-20T16:11:40","date_gmt":"2019-11-20T15:11:40","guid":{"rendered":"https:\/\/www.caferacerworld.com\/?p=610"},"modified":"2025-08-29T12:42:57","modified_gmt":"2025-08-29T10:42:57","slug":"racing-is-life-a-cafe-racer-inspired-by-le-mans-and-steve-mcqueen","status":"publish","type":"post","link":"https:\/\/www.caferacerworld.com\/es\/racing-is-life-a-cafe-racer-inspired-by-le-mans-and-steve-mcqueen\/","title":{"rendered":"\u201cRacing is Life\u201d una Cafe Racer tributo a Le Mans y Steve McQueen."},"content":{"rendered":"\n<figure class=\"wp-block-image size-large\"><a href=\"https:\/\/www.caferacerworld.com\/wp-content\/uploads\/2019\/11\/11-cafe-racer-gulf.jpg\"><img loading=\"lazy\" decoding=\"async\" width=\"1024\" height=\"768\" src=\"https:\/\/www.caferacerworld.com\/wp-content\/uploads\/2019\/11\/11-cafe-racer-gulf.jpg\" alt=\"&quot;Racing is Life&quot; a Cafe Racer tribute to Steve McQueen customized by Lord Drake Kustoms\" class=\"wp-image-625\" srcset=\"https:\/\/www.caferacerworld.com\/wp-content\/uploads\/2019\/11\/11-cafe-racer-gulf.jpg 1024w, https:\/\/www.caferacerworld.com\/wp-content\/uploads\/2019\/11\/11-cafe-racer-gulf-300x225.jpg 300w, https:\/\/www.caferacerworld.com\/wp-content\/uploads\/2019\/11\/11-cafe-racer-gulf-768x576.jpg 768w\" sizes=\"auto, (max-width: 1024px) 100vw, 1024px\" \/><\/a><\/figure>\n\n\n\n<p><\/p>\n\n\n\n<p>Si has visto la gran pel\u00edcula de Steve McQueen <em>Le Mans<\/em> de 1971, seguramente conozcas la frase: \u201c<em>Racing is life&#8230; anything that happens before or after is just waiting<\/em>\u201d. De ah\u00ed el nombre de esta <strong><a href=\"https:\/\/www.caferacerworld.com\/category\/harley-davidson\/sportster\/\">Harley Sportster<\/a> <\/strong><a href=\"https:\/\/www.caferacerworld.com\/category\/cafe-racer\/\"><strong>Cafe Racer<\/strong> <\/a>personalizada por <strong><a href=\"https:\/\/www.lorddrakekustoms.com\/\">Lord Drake Kustoms<\/a><\/strong>.<\/p>\n\n\n\n<figure class=\"wp-block-image aligncenter size-large\"><img loading=\"lazy\" decoding=\"async\" width=\"486\" height=\"689\" src=\"https:\/\/www.caferacerworld.com\/wp-content\/uploads\/2019\/11\/le-mans-steve-mcqueen.jpg\" alt=\"\" class=\"wp-image-627\" srcset=\"https:\/\/www.caferacerworld.com\/wp-content\/uploads\/2019\/11\/le-mans-steve-mcqueen.jpg 486w, https:\/\/www.caferacerworld.com\/wp-content\/uploads\/2019\/11\/le-mans-steve-mcqueen-212x300.jpg 212w\" sizes=\"auto, (max-width: 486px) 100vw, 486px\" \/><\/figure>\n\n\n\n<p>Inspirada y dedicada a esta pel\u00edcula y a su protagonista, esta moto custom hace referencia a uno de los grandes coches de la historia de la competici\u00f3n: el <strong>Porsche 917 \u201cGULF\u201d<\/strong>. Steve McQueen condujo este coche, con el n\u00famero 20, en la mencionada pel\u00edcula <em>Le Mans<\/em>.<\/p>\n\n\n\n<p><\/p>\n\n\n\n<figure class=\"wp-block-image size-large\"><a href=\"https:\/\/www.caferacerworld.com\/wp-content\/uploads\/2019\/11\/10-cafe-racer-gulf.jpg\"><img loading=\"lazy\" decoding=\"async\" width=\"1024\" height=\"768\" src=\"https:\/\/www.caferacerworld.com\/wp-content\/uploads\/2019\/11\/10-cafe-racer-gulf.jpg\" alt=\"&quot;Racing is Life&quot; a Cafe Racer tribute to Steve McQueen customized by Lord Drake Kustoms\" class=\"wp-image-624\" srcset=\"https:\/\/www.caferacerworld.com\/wp-content\/uploads\/2019\/11\/10-cafe-racer-gulf.jpg 1024w, https:\/\/www.caferacerworld.com\/wp-content\/uploads\/2019\/11\/10-cafe-racer-gulf-300x225.jpg 300w, https:\/\/www.caferacerworld.com\/wp-content\/uploads\/2019\/11\/10-cafe-racer-gulf-768x576.jpg 768w\" sizes=\"auto, (max-width: 1024px) 100vw, 1024px\" \/><\/a><\/figure>\n\n\n\n<p><\/p>\n\n\n\n<p>De esta manera,<a href=\"https:\/\/www.lorddrakekustoms.com\/founder\/\"> <strong>Fran Manen<\/strong><\/a> (propietario de LDK) nos demuestra su <strong>pasi\u00f3n por Steve McQueen<\/strong>, los colores <em>GULF<\/em> y el m\u00edtico <em>Porsche<\/em>. As\u00ed que lo tuvo claro al crear la que ha sido la primera unidad de una serie limitada de <em>Cafe Racers<\/em> inspiradas en coches y motos <strong>m\u00edticas del mundo de la competici\u00f3n<\/strong>&#8230; Esta primera moto se llama <strong>\u00abRacing is Life\u00bb<\/strong>.<\/p>\n\n\n\n<p><\/p>\n\n\n\n<figure class=\"wp-block-image size-large\"><a href=\"https:\/\/www.caferacerworld.com\/wp-content\/uploads\/2019\/11\/01-cafe-racer-gulf.jpg\"><img loading=\"lazy\" decoding=\"async\" width=\"1024\" height=\"768\" src=\"https:\/\/www.caferacerworld.com\/wp-content\/uploads\/2019\/11\/01-cafe-racer-gulf.jpg\" alt=\"&quot;Racing is Life&quot; a Cafe Racer tribute to Steve McQueen customized by Lord Drake Kustoms\" class=\"wp-image-615\" srcset=\"https:\/\/www.caferacerworld.com\/wp-content\/uploads\/2019\/11\/01-cafe-racer-gulf.jpg 1024w, https:\/\/www.caferacerworld.com\/wp-content\/uploads\/2019\/11\/01-cafe-racer-gulf-300x225.jpg 300w, https:\/\/www.caferacerworld.com\/wp-content\/uploads\/2019\/11\/01-cafe-racer-gulf-768x576.jpg 768w\" sizes=\"auto, (max-width: 1024px) 100vw, 1024px\" \/><\/a><\/figure>\n\n\n\n<p><\/p>\n\n\n\n<h3 class=\"wp-block-heading\">Proceso de fabricaci\u00f3n<\/h3>\n\n\n\n<p><\/p>\n\n\n\n<blockquote class=\"wp-block-quote is-layout-flow wp-block-quote-is-layout-flow\">\n<p><em>Cabe destacar que la parte trasera de esta motocicleta est\u00e1 fabricada <strong>a mano en metal<\/strong> a partir de una plancha de hierro, incluyendo las dos curvas superiores del col\u00edn. <\/em><\/p>\n<\/blockquote>\n\n\n\n<p>Tal como nos cuenta <strong>Fran Manen<\/strong>, y contin\u00faa explicando: <\/p>\n\n\n\n<p><\/p>\n\n\n\n<blockquote class=\"wp-block-quote is-layout-flow wp-block-quote-is-layout-flow\">\n<p><em>El dep\u00f3sito original de una Sportster Custom, el de 11&#8217;7 litros, tambi\u00e9n ha sido cortado en los laterales y se han invertido las paredes para crear los huecos interiores de toda la l\u00e1grima.<\/em><\/p>\n<\/blockquote>\n\n\n\n<p><\/p>\n\n\n\n<div class=\"wp-block-columns is-layout-flex wp-container-core-columns-is-layout-28f84493 wp-block-columns-is-layout-flex\">\n<div class=\"wp-block-column is-layout-flow wp-block-column-is-layout-flow\">\n<figure class=\"wp-block-image size-large\"><a href=\"https:\/\/www.caferacerworld.com\/wp-content\/uploads\/2019\/11\/09-cafe-racer-gulf.jpg\"><img loading=\"lazy\" decoding=\"async\" width=\"1024\" height=\"768\" src=\"https:\/\/www.caferacerworld.com\/wp-content\/uploads\/2019\/11\/09-cafe-racer-gulf.jpg\" alt=\"&quot;Racing is Life&quot; a Cafe Racer tribute to Steve McQueen customized by Lord Drake Kustoms\" class=\"wp-image-623\" srcset=\"https:\/\/www.caferacerworld.com\/wp-content\/uploads\/2019\/11\/09-cafe-racer-gulf.jpg 1024w, https:\/\/www.caferacerworld.com\/wp-content\/uploads\/2019\/11\/09-cafe-racer-gulf-300x225.jpg 300w, https:\/\/www.caferacerworld.com\/wp-content\/uploads\/2019\/11\/09-cafe-racer-gulf-768x576.jpg 768w\" sizes=\"auto, (max-width: 1024px) 100vw, 1024px\" \/><\/a><\/figure>\n<\/div>\n\n\n\n<div class=\"wp-block-column is-layout-flow wp-block-column-is-layout-flow\">\n<figure class=\"wp-block-image size-large\"><a href=\"https:\/\/www.caferacerworld.com\/wp-content\/uploads\/2019\/11\/08-cafe-racer-gulf.jpg\"><img loading=\"lazy\" decoding=\"async\" width=\"1024\" height=\"768\" src=\"https:\/\/www.caferacerworld.com\/wp-content\/uploads\/2019\/11\/08-cafe-racer-gulf.jpg\" alt=\"&quot;Racing is Life&quot; a Cafe Racer tribute to Steve McQueen customized by Lord Drake Kustoms\" class=\"wp-image-622\" srcset=\"https:\/\/www.caferacerworld.com\/wp-content\/uploads\/2019\/11\/08-cafe-racer-gulf.jpg 1024w, https:\/\/www.caferacerworld.com\/wp-content\/uploads\/2019\/11\/08-cafe-racer-gulf-300x225.jpg 300w, https:\/\/www.caferacerworld.com\/wp-content\/uploads\/2019\/11\/08-cafe-racer-gulf-768x576.jpg 768w\" sizes=\"auto, (max-width: 1024px) 100vw, 1024px\" \/><\/a><\/figure>\n<\/div>\n<\/div>\n\n\n\n<figure class=\"wp-block-image size-large\"><a href=\"https:\/\/www.caferacerworld.com\/wp-content\/uploads\/2019\/11\/02-cafe-racer-gulf.jpg\"><img loading=\"lazy\" decoding=\"async\" width=\"1024\" height=\"768\" src=\"https:\/\/www.caferacerworld.com\/wp-content\/uploads\/2019\/11\/02-cafe-racer-gulf.jpg\" alt=\"&quot;Racing is Life&quot; a Cafe Racer tribute to Steve McQueen customized by Lord Drake Kustoms\" class=\"wp-image-616\" srcset=\"https:\/\/www.caferacerworld.com\/wp-content\/uploads\/2019\/11\/02-cafe-racer-gulf.jpg 1024w, https:\/\/www.caferacerworld.com\/wp-content\/uploads\/2019\/11\/02-cafe-racer-gulf-300x225.jpg 300w, https:\/\/www.caferacerworld.com\/wp-content\/uploads\/2019\/11\/02-cafe-racer-gulf-768x576.jpg 768w\" sizes=\"auto, (max-width: 1024px) 100vw, 1024px\" \/><\/a><\/figure>\n\n\n\n<p>Esta es una <strong>soluci\u00f3n muy efectiva<\/strong> para recrear el espacio que, en las motos deportivas cl\u00e1sicas, se dejaba con la intenci\u00f3n de que el piloto apoyara las rodillas, buscando una posici\u00f3n lo m\u00e1s integrada posible con el fin de <strong>mejorar la aerodin\u00e1mica.<\/strong><\/p>\n\n\n\n<p><\/p>\n\n\n\n<div class=\"wp-block-columns is-layout-flex wp-container-core-columns-is-layout-28f84493 wp-block-columns-is-layout-flex\">\n<div class=\"wp-block-column is-layout-flow wp-block-column-is-layout-flow\">\n<figure class=\"wp-block-image size-large\"><a href=\"https:\/\/www.caferacerworld.com\/wp-content\/uploads\/2019\/11\/07-cafe-racer-gulf.jpg\"><img loading=\"lazy\" decoding=\"async\" width=\"1024\" height=\"768\" src=\"https:\/\/www.caferacerworld.com\/wp-content\/uploads\/2019\/11\/07-cafe-racer-gulf.jpg\" alt=\"&quot;Racing is Life&quot; a Cafe Racer tribute to Steve McQueen customized by Lord Drake Kustoms\" class=\"wp-image-621\" srcset=\"https:\/\/www.caferacerworld.com\/wp-content\/uploads\/2019\/11\/07-cafe-racer-gulf.jpg 1024w, https:\/\/www.caferacerworld.com\/wp-content\/uploads\/2019\/11\/07-cafe-racer-gulf-300x225.jpg 300w, https:\/\/www.caferacerworld.com\/wp-content\/uploads\/2019\/11\/07-cafe-racer-gulf-768x576.jpg 768w\" sizes=\"auto, (max-width: 1024px) 100vw, 1024px\" \/><\/a><\/figure>\n<\/div>\n\n\n\n<div class=\"wp-block-column is-layout-flow wp-block-column-is-layout-flow\">\n<figure class=\"wp-block-image size-large\"><a href=\"https:\/\/www.caferacerworld.com\/wp-content\/uploads\/2019\/11\/06-cafe-racer-gulf.jpg\"><img loading=\"lazy\" decoding=\"async\" width=\"1024\" height=\"768\" src=\"https:\/\/www.caferacerworld.com\/wp-content\/uploads\/2019\/11\/06-cafe-racer-gulf.jpg\" alt=\"&quot;Racing is Life&quot; a Cafe Racer tribute to Steve McQueen customized by Lord Drake Kustoms\" class=\"wp-image-620\" srcset=\"https:\/\/www.caferacerworld.com\/wp-content\/uploads\/2019\/11\/06-cafe-racer-gulf.jpg 1024w, https:\/\/www.caferacerworld.com\/wp-content\/uploads\/2019\/11\/06-cafe-racer-gulf-300x225.jpg 300w, https:\/\/www.caferacerworld.com\/wp-content\/uploads\/2019\/11\/06-cafe-racer-gulf-768x576.jpg 768w\" sizes=\"auto, (max-width: 1024px) 100vw, 1024px\" \/><\/a><\/figure>\n<\/div>\n<\/div>\n\n\n\n<div class=\"wp-block-columns is-layout-flex wp-container-core-columns-is-layout-28f84493 wp-block-columns-is-layout-flex\">\n<div class=\"wp-block-column is-layout-flow wp-block-column-is-layout-flow\">\n<figure class=\"wp-block-image size-large is-style-default\"><a href=\"https:\/\/www.caferacerworld.com\/wp-content\/uploads\/2019\/11\/03-cafe-racer-gulf.jpg\"><img loading=\"lazy\" decoding=\"async\" width=\"1024\" height=\"768\" src=\"https:\/\/www.caferacerworld.com\/wp-content\/uploads\/2019\/11\/03-cafe-racer-gulf.jpg\" alt=\"&quot;Racing is Life&quot; a Cafe Racer tribute to Steve McQueen customized by Lord Drake Kustoms\" class=\"wp-image-617\" srcset=\"https:\/\/www.caferacerworld.com\/wp-content\/uploads\/2019\/11\/03-cafe-racer-gulf.jpg 1024w, https:\/\/www.caferacerworld.com\/wp-content\/uploads\/2019\/11\/03-cafe-racer-gulf-300x225.jpg 300w, https:\/\/www.caferacerworld.com\/wp-content\/uploads\/2019\/11\/03-cafe-racer-gulf-768x576.jpg 768w\" sizes=\"auto, (max-width: 1024px) 100vw, 1024px\" \/><\/a><\/figure>\n<\/div>\n\n\n\n<div class=\"wp-block-column is-layout-flow wp-block-column-is-layout-flow\">\n<figure class=\"wp-block-image size-large\"><a href=\"https:\/\/www.caferacerworld.com\/wp-content\/uploads\/2019\/11\/04-cafe-racer-gulf.jpg\"><img loading=\"lazy\" decoding=\"async\" width=\"1024\" height=\"768\" src=\"https:\/\/www.caferacerworld.com\/wp-content\/uploads\/2019\/11\/04-cafe-racer-gulf.jpg\" alt=\"&quot;Racing is Life&quot; a Cafe Racer tribute to Steve McQueen customized by Lord Drake Kustoms\" class=\"wp-image-618\" srcset=\"https:\/\/www.caferacerworld.com\/wp-content\/uploads\/2019\/11\/04-cafe-racer-gulf.jpg 1024w, https:\/\/www.caferacerworld.com\/wp-content\/uploads\/2019\/11\/04-cafe-racer-gulf-300x225.jpg 300w, https:\/\/www.caferacerworld.com\/wp-content\/uploads\/2019\/11\/04-cafe-racer-gulf-768x576.jpg 768w\" sizes=\"auto, (max-width: 1024px) 100vw, 1024px\" \/><\/a><\/figure>\n<\/div>\n<\/div>\n\n\n\n<p>Y todo esto tiene mucho que ver con la inspiraci\u00f3n que llev\u00f3 a <strong>Fran Manen<\/strong> a pintarla con estos colores, tan caracter\u00edsticos de la competici\u00f3n. Sin embargo, al recibir demanda de modelos similares, ha decidido pintarlos de forma diferente, aunque siempre con un denominador com\u00fan: <strong>la competici\u00f3n<\/strong>.<\/p>\n\n\n\n<p><\/p>\n\n\n\n<p><\/p>\n\n\n\n<h3 class=\"wp-block-heading\">Le Mans &#8217;66<\/h3>\n\n\n\n<p>Por \u00faltimo, quer\u00edamos recomendarte una pel\u00edcula que, aunque m\u00e1s actual, tambi\u00e9n rinde <strong>homenaje<\/strong> \u2014de alguna manera\u2014 a aquel <strong>cl\u00e1sico de Steve McQueen<\/strong>. Se trata de <em>\u201cLe Mans \u201866\u201d<\/em> (tambi\u00e9n conocida como <em>Ford v Ferrari<\/em>), basada en una historia real y protagonizada por <strong>Matt Damon<\/strong> y <strong>Christian Bale<\/strong>. Esta vez, podr\u00e1s disfrutar de las carreras y rivalidades entre <strong>Ford<\/strong> y <strong>Ferrari<\/strong>.<\/p>\n\n\n\n<p><\/p>\n\n\n\n<figure class=\"wp-block-image size-large\"><a href=\"https:\/\/www.caferacerworld.com\/wp-content\/uploads\/2019\/11\/12-cafe-racer-gulf.jpg\"><img loading=\"lazy\" decoding=\"async\" width=\"1024\" height=\"768\" src=\"https:\/\/www.caferacerworld.com\/wp-content\/uploads\/2019\/11\/12-cafe-racer-gulf.jpg\" alt=\"&quot;Racing is Life&quot; a Cafe Racer tribute to Steve McQueen customized by Lord Drake Kustoms\" class=\"wp-image-626\" srcset=\"https:\/\/www.caferacerworld.com\/wp-content\/uploads\/2019\/11\/12-cafe-racer-gulf.jpg 1024w, https:\/\/www.caferacerworld.com\/wp-content\/uploads\/2019\/11\/12-cafe-racer-gulf-300x225.jpg 300w, https:\/\/www.caferacerworld.com\/wp-content\/uploads\/2019\/11\/12-cafe-racer-gulf-768x576.jpg 768w\" sizes=\"auto, (max-width: 1024px) 100vw, 1024px\" \/><\/a><\/figure>\n\n\n\n<p><\/p>\n\n\n\n<p><\/p>\n\n\n\n<h3 class=\"wp-block-heading\"><strong>Ficha t\u00e9cnica<\/strong><\/h3>\n\n\n\n<ul class=\"wp-block-list\">\n<li><strong>Nombre:<\/strong> <em>Racing is Life<\/em><\/li>\n\n\n\n<li><strong>Unidad:<\/strong> 1\/5 <em>(edici\u00f3n limitada de 5 unidades)<\/em><\/li>\n\n\n\n<li><strong>Estilo:<\/strong> <em>Cafe Racer<\/em><\/li>\n\n\n\n<li><strong>Marca:<\/strong> <em>Harley-Davidson<\/em><\/li>\n\n\n\n<li><strong>Modelo:<\/strong> <em>Sportster 883<\/em><\/li>\n\n\n\n<li><strong>Motor:<\/strong> 883 cc<\/li>\n\n\n\n<li><strong>Transmisi\u00f3n:<\/strong> Convertida a cadena por <em>LDK<\/em><\/li>\n\n\n\n<li><strong>Controles de pie:<\/strong> Avanzados, modificados por <em>LDK<\/em><\/li>\n\n\n\n<li><strong>Frenos:<\/strong> Discos de freno <em>DNA<\/em><\/li>\n\n\n\n<li><strong>Rueda delantera:<\/strong> 19&#8243; con neum\u00e1ticos <em>Fat Daddy<\/em> a medida<\/li>\n\n\n\n<li><strong>Rueda trasera:<\/strong> 18&#8243; con neum\u00e1ticos <em>Fat Daddy<\/em> a medida<\/li>\n\n\n\n<li><strong>Dep\u00f3sito de combustible:<\/strong> Fabricado por <em>LDK<\/em><\/li>\n\n\n\n<li><strong>Suspensi\u00f3n delantera:<\/strong> Modificada por <em>LDK<\/em><\/li>\n\n\n\n<li><strong>Suspensi\u00f3n trasera:<\/strong> Elevada +3\u201d con cojines de aire<\/li>\n\n\n\n<li><strong>Guardabarros delantero:<\/strong> Fabricado por <em>LDK<\/em><\/li>\n\n\n\n<li><strong>Col\u00edn:<\/strong> Fabricado en metal por <em>LDK<\/em><\/li>\n\n\n\n<li><strong>Asiento:<\/strong> Fabricado por <em>LDK<\/em><\/li>\n\n\n\n<li><strong>Escape:<\/strong> 2:1 <em>Vance &amp; Hines<\/em><\/li>\n\n\n\n<li><strong>Filtro de aire:<\/strong> <em>S&amp;S<\/em><\/li>\n\n\n\n<li><strong>Cuadro de instrumentos:<\/strong> Cuentakil\u00f3metros digital con soporte <em>RSD<\/em><\/li>\n\n\n\n<li><strong>Matr\u00edcula:<\/strong> Soporte fabricado por <em>LDK<\/em><\/li>\n\n\n\n<li><strong>Iluminaci\u00f3n:<\/strong> Faro delantero tipo <em>HD dome<\/em>, piloto trasero incorporado en los guardabarros, intermitentes LED delanteros y traseros en tijas y amortiguadores<\/li>\n\n\n\n<li><strong>Otras modificaciones:<\/strong> Semimanillares, pu\u00f1os, manetas, tapa de gasolina, estriberas, cables de buj\u00eda, cubrebuj\u00edas, espejos&#8230;<\/li>\n<\/ul>\n","protected":false},"excerpt":{"rendered":"<p>Si has visto la gran pel\u00edcula de Steve McQueen Le Mans de 1971, seguramente conozcas la frase: \u201cRacing<\/p>\n","protected":false},"author":1,"featured_media":625,"comment_status":"open","ping_status":"open","sticky":false,"template":"","format":"standard","meta":{"footnotes":""},"categories":[5,12,45,20],"tags":[],"class_list":["post-610","post","type-post","status-publish","format-standard","has-post-thumbnail","hentry","category-cafe-racer","category-harley-davidson","category-motos","category-sportster"],"yoast_head":"<!-- This site is optimized with the Yoast SEO plugin v25.4 - https:\/\/yoast.com\/wordpress\/plugins\/seo\/ -->\n<title>&quot;Racing is life&quot; - Tributo a Le Mans y Steve McQueen<\/title>\n<meta name=\"description\" content=\"Esta Cafe Racer, construida sobre una Harley Sportster, inspirada en la pel\u00edcula de McQueen &quot;Le Mans&quot; y fue creada por Lord Drake Kustoms.\" \/>\n<meta name=\"robots\" content=\"index, follow, max-snippet:-1, max-image-preview:large, max-video-preview:-1\" \/>\n<link rel=\"canonical\" href=\"https:\/\/www.caferacerworld.com\/es\/racing-is-life-a-cafe-racer-inspired-by-le-mans-and-steve-mcqueen\/\" \/>\n<meta property=\"og:locale\" content=\"es_ES\" \/>\n<meta property=\"og:type\" content=\"article\" \/>\n<meta property=\"og:title\" content=\"&quot;Racing is life&quot; - Tributo a Le Mans y Steve McQueen\" \/>\n<meta property=\"og:description\" content=\"Esta Cafe Racer, construida sobre una Harley Sportster, inspirada en la pel\u00edcula de McQueen &quot;Le Mans&quot; y fue creada por Lord Drake Kustoms.\" \/>\n<meta property=\"og:url\" content=\"https:\/\/www.caferacerworld.com\/es\/racing-is-life-a-cafe-racer-inspired-by-le-mans-and-steve-mcqueen\/\" \/>\n<meta property=\"og:site_name\" content=\"Cafe Racer World\" \/>\n<meta property=\"article:publisher\" content=\"https:\/\/www.facebook.com\/profile.php?id=61579424306050\" \/>\n<meta property=\"article:published_time\" content=\"2019-11-20T15:11:40+00:00\" \/>\n<meta property=\"article:modified_time\" content=\"2025-08-29T10:42:57+00:00\" \/>\n<meta property=\"og:image\" content=\"https:\/\/www.caferacerworld.com\/wp-content\/uploads\/2019\/11\/11-cafe-racer-gulf.jpg\" \/>\n\t<meta property=\"og:image:width\" content=\"1024\" \/>\n\t<meta property=\"og:image:height\" content=\"768\" \/>\n\t<meta property=\"og:image:type\" content=\"image\/jpeg\" \/>\n<meta name=\"author\" content=\"caferacer\" \/>\n<meta name=\"twitter:card\" content=\"summary_large_image\" \/>\n<meta name=\"twitter:label1\" content=\"Escrito por\" \/>\n\t<meta name=\"twitter:data1\" content=\"caferacer\" \/>\n\t<meta name=\"twitter:label2\" content=\"Tiempo de lectura\" \/>\n\t<meta name=\"twitter:data2\" content=\"5 minutos\" \/>\n<script type=\"application\/ld+json\" class=\"yoast-schema-graph\">{\"@context\":\"https:\/\/schema.org\",\"@graph\":[{\"@type\":\"Article\",\"@id\":\"https:\/\/www.caferacerworld.com\/es\/racing-is-life-a-cafe-racer-inspired-by-le-mans-and-steve-mcqueen\/#article\",\"isPartOf\":{\"@id\":\"https:\/\/www.caferacerworld.com\/es\/racing-is-life-a-cafe-racer-inspired-by-le-mans-and-steve-mcqueen\/\"},\"author\":{\"name\":\"caferacer\",\"@id\":\"https:\/\/www.caferacerworld.com\/es\/#\/schema\/person\/f53266c5722a1bfe7280939b3daf386d\"},\"headline\":\"\u201cRacing is Life\u201d una Cafe Racer tributo a Le Mans y Steve McQueen.\",\"datePublished\":\"2019-11-20T15:11:40+00:00\",\"dateModified\":\"2025-08-29T10:42:57+00:00\",\"mainEntityOfPage\":{\"@id\":\"https:\/\/www.caferacerworld.com\/es\/racing-is-life-a-cafe-racer-inspired-by-le-mans-and-steve-mcqueen\/\"},\"wordCount\":578,\"commentCount\":0,\"publisher\":{\"@id\":\"https:\/\/www.caferacerworld.com\/es\/#organization\"},\"image\":{\"@id\":\"https:\/\/www.caferacerworld.com\/es\/racing-is-life-a-cafe-racer-inspired-by-le-mans-and-steve-mcqueen\/#primaryimage\"},\"thumbnailUrl\":\"https:\/\/www.caferacerworld.com\/wp-content\/uploads\/2019\/11\/11-cafe-racer-gulf.jpg\",\"articleSection\":[\"Cafe Racer\",\"Harley Davidson\",\"Motos\",\"Sportster\"],\"inLanguage\":\"es\",\"potentialAction\":[{\"@type\":\"CommentAction\",\"name\":\"Comment\",\"target\":[\"https:\/\/www.caferacerworld.com\/es\/racing-is-life-a-cafe-racer-inspired-by-le-mans-and-steve-mcqueen\/#respond\"]}]},{\"@type\":\"WebPage\",\"@id\":\"https:\/\/www.caferacerworld.com\/es\/racing-is-life-a-cafe-racer-inspired-by-le-mans-and-steve-mcqueen\/\",\"url\":\"https:\/\/www.caferacerworld.com\/es\/racing-is-life-a-cafe-racer-inspired-by-le-mans-and-steve-mcqueen\/\",\"name\":\"\\\"Racing is life\\\" - Tributo a Le Mans y Steve McQueen\",\"isPartOf\":{\"@id\":\"https:\/\/www.caferacerworld.com\/es\/#website\"},\"primaryImageOfPage\":{\"@id\":\"https:\/\/www.caferacerworld.com\/es\/racing-is-life-a-cafe-racer-inspired-by-le-mans-and-steve-mcqueen\/#primaryimage\"},\"image\":{\"@id\":\"https:\/\/www.caferacerworld.com\/es\/racing-is-life-a-cafe-racer-inspired-by-le-mans-and-steve-mcqueen\/#primaryimage\"},\"thumbnailUrl\":\"https:\/\/www.caferacerworld.com\/wp-content\/uploads\/2019\/11\/11-cafe-racer-gulf.jpg\",\"datePublished\":\"2019-11-20T15:11:40+00:00\",\"dateModified\":\"2025-08-29T10:42:57+00:00\",\"description\":\"Esta Cafe Racer, construida sobre una Harley Sportster, inspirada en la pel\u00edcula de McQueen \\\"Le Mans\\\" y fue creada por Lord Drake Kustoms.\",\"breadcrumb\":{\"@id\":\"https:\/\/www.caferacerworld.com\/es\/racing-is-life-a-cafe-racer-inspired-by-le-mans-and-steve-mcqueen\/#breadcrumb\"},\"inLanguage\":\"es\",\"potentialAction\":[{\"@type\":\"ReadAction\",\"target\":[\"https:\/\/www.caferacerworld.com\/es\/racing-is-life-a-cafe-racer-inspired-by-le-mans-and-steve-mcqueen\/\"]}]},{\"@type\":\"ImageObject\",\"inLanguage\":\"es\",\"@id\":\"https:\/\/www.caferacerworld.com\/es\/racing-is-life-a-cafe-racer-inspired-by-le-mans-and-steve-mcqueen\/#primaryimage\",\"url\":\"https:\/\/www.caferacerworld.com\/wp-content\/uploads\/2019\/11\/11-cafe-racer-gulf.jpg\",\"contentUrl\":\"https:\/\/www.caferacerworld.com\/wp-content\/uploads\/2019\/11\/11-cafe-racer-gulf.jpg\",\"width\":1024,\"height\":768,\"caption\":\"\\\"Racing is Life\\\" a Cafe Racer tribute to Steve McQueen customized by Lord Drake Kustoms\"},{\"@type\":\"BreadcrumbList\",\"@id\":\"https:\/\/www.caferacerworld.com\/es\/racing-is-life-a-cafe-racer-inspired-by-le-mans-and-steve-mcqueen\/#breadcrumb\",\"itemListElement\":[{\"@type\":\"ListItem\",\"position\":1,\"name\":\"Portada\",\"item\":\"https:\/\/www.caferacerworld.com\/es\/\"},{\"@type\":\"ListItem\",\"position\":2,\"name\":\"\u201cRacing is Life\u201d una Cafe Racer tributo a Le Mans y Steve McQueen.\"}]},{\"@type\":\"WebSite\",\"@id\":\"https:\/\/www.caferacerworld.com\/es\/#website\",\"url\":\"https:\/\/www.caferacerworld.com\/es\/\",\"name\":\"Cafe Racer World\",\"description\":\"\",\"publisher\":{\"@id\":\"https:\/\/www.caferacerworld.com\/es\/#organization\"},\"potentialAction\":[{\"@type\":\"SearchAction\",\"target\":{\"@type\":\"EntryPoint\",\"urlTemplate\":\"https:\/\/www.caferacerworld.com\/es\/?s={search_term_string}\"},\"query-input\":{\"@type\":\"PropertyValueSpecification\",\"valueRequired\":true,\"valueName\":\"search_term_string\"}}],\"inLanguage\":\"es\"},{\"@type\":\"Organization\",\"@id\":\"https:\/\/www.caferacerworld.com\/es\/#organization\",\"name\":\"Cafe Racer World\",\"url\":\"https:\/\/www.caferacerworld.com\/es\/\",\"logo\":{\"@type\":\"ImageObject\",\"inLanguage\":\"es\",\"@id\":\"https:\/\/www.caferacerworld.com\/es\/#\/schema\/logo\/image\/\",\"url\":\"https:\/\/www.caferacerworld.com\/wp-content\/uploads\/2019\/10\/logo-crw-4-1.png\",\"contentUrl\":\"https:\/\/www.caferacerworld.com\/wp-content\/uploads\/2019\/10\/logo-crw-4-1.png\",\"width\":540,\"height\":160,\"caption\":\"Cafe Racer World\"},\"image\":{\"@id\":\"https:\/\/www.caferacerworld.com\/es\/#\/schema\/logo\/image\/\"},\"sameAs\":[\"https:\/\/www.facebook.com\/profile.php?id=61579424306050\",\"https:\/\/www.instagram.com\/caferacerworld_oficial\/\"]},{\"@type\":\"Person\",\"@id\":\"https:\/\/www.caferacerworld.com\/es\/#\/schema\/person\/f53266c5722a1bfe7280939b3daf386d\",\"name\":\"caferacer\",\"image\":{\"@type\":\"ImageObject\",\"inLanguage\":\"es\",\"@id\":\"https:\/\/www.caferacerworld.com\/es\/#\/schema\/person\/image\/\",\"url\":\"https:\/\/secure.gravatar.com\/avatar\/8d6dcab9ee12841d4b3c71b7639455bb04683d31fd41ad66ec3164209d3e2a0b?s=96&d=mm&r=g\",\"contentUrl\":\"https:\/\/secure.gravatar.com\/avatar\/8d6dcab9ee12841d4b3c71b7639455bb04683d31fd41ad66ec3164209d3e2a0b?s=96&d=mm&r=g\",\"caption\":\"caferacer\"}}]}<\/script>\n<!-- \/ Yoast SEO plugin. -->","yoast_head_json":{"title":"\"Racing is life\" - Tributo a Le Mans y Steve McQueen","description":"Esta Cafe Racer, construida sobre una Harley Sportster, inspirada en la pel\u00edcula de McQueen \"Le Mans\" y fue creada por Lord Drake Kustoms.","robots":{"index":"index","follow":"follow","max-snippet":"max-snippet:-1","max-image-preview":"max-image-preview:large","max-video-preview":"max-video-preview:-1"},"canonical":"https:\/\/www.caferacerworld.com\/es\/racing-is-life-a-cafe-racer-inspired-by-le-mans-and-steve-mcqueen\/","og_locale":"es_ES","og_type":"article","og_title":"\"Racing is life\" - Tributo a Le Mans y Steve McQueen","og_description":"Esta Cafe Racer, construida sobre una Harley Sportster, inspirada en la pel\u00edcula de McQueen \"Le Mans\" y fue creada por Lord Drake Kustoms.","og_url":"https:\/\/www.caferacerworld.com\/es\/racing-is-life-a-cafe-racer-inspired-by-le-mans-and-steve-mcqueen\/","og_site_name":"Cafe Racer World","article_publisher":"https:\/\/www.facebook.com\/profile.php?id=61579424306050","article_published_time":"2019-11-20T15:11:40+00:00","article_modified_time":"2025-08-29T10:42:57+00:00","og_image":[{"width":1024,"height":768,"url":"https:\/\/www.caferacerworld.com\/wp-content\/uploads\/2019\/11\/11-cafe-racer-gulf.jpg","type":"image\/jpeg"}],"author":"caferacer","twitter_card":"summary_large_image","twitter_misc":{"Escrito por":"caferacer","Tiempo de lectura":"5 minutos"},"schema":{"@context":"https:\/\/schema.org","@graph":[{"@type":"Article","@id":"https:\/\/www.caferacerworld.com\/es\/racing-is-life-a-cafe-racer-inspired-by-le-mans-and-steve-mcqueen\/#article","isPartOf":{"@id":"https:\/\/www.caferacerworld.com\/es\/racing-is-life-a-cafe-racer-inspired-by-le-mans-and-steve-mcqueen\/"},"author":{"name":"caferacer","@id":"https:\/\/www.caferacerworld.com\/es\/#\/schema\/person\/f53266c5722a1bfe7280939b3daf386d"},"headline":"\u201cRacing is Life\u201d una Cafe Racer tributo a Le Mans y Steve McQueen.","datePublished":"2019-11-20T15:11:40+00:00","dateModified":"2025-08-29T10:42:57+00:00","mainEntityOfPage":{"@id":"https:\/\/www.caferacerworld.com\/es\/racing-is-life-a-cafe-racer-inspired-by-le-mans-and-steve-mcqueen\/"},"wordCount":578,"commentCount":0,"publisher":{"@id":"https:\/\/www.caferacerworld.com\/es\/#organization"},"image":{"@id":"https:\/\/www.caferacerworld.com\/es\/racing-is-life-a-cafe-racer-inspired-by-le-mans-and-steve-mcqueen\/#primaryimage"},"thumbnailUrl":"https:\/\/www.caferacerworld.com\/wp-content\/uploads\/2019\/11\/11-cafe-racer-gulf.jpg","articleSection":["Cafe Racer","Harley Davidson","Motos","Sportster"],"inLanguage":"es","potentialAction":[{"@type":"CommentAction","name":"Comment","target":["https:\/\/www.caferacerworld.com\/es\/racing-is-life-a-cafe-racer-inspired-by-le-mans-and-steve-mcqueen\/#respond"]}]},{"@type":"WebPage","@id":"https:\/\/www.caferacerworld.com\/es\/racing-is-life-a-cafe-racer-inspired-by-le-mans-and-steve-mcqueen\/","url":"https:\/\/www.caferacerworld.com\/es\/racing-is-life-a-cafe-racer-inspired-by-le-mans-and-steve-mcqueen\/","name":"\"Racing is life\" - Tributo a Le Mans y Steve McQueen","isPartOf":{"@id":"https:\/\/www.caferacerworld.com\/es\/#website"},"primaryImageOfPage":{"@id":"https:\/\/www.caferacerworld.com\/es\/racing-is-life-a-cafe-racer-inspired-by-le-mans-and-steve-mcqueen\/#primaryimage"},"image":{"@id":"https:\/\/www.caferacerworld.com\/es\/racing-is-life-a-cafe-racer-inspired-by-le-mans-and-steve-mcqueen\/#primaryimage"},"thumbnailUrl":"https:\/\/www.caferacerworld.com\/wp-content\/uploads\/2019\/11\/11-cafe-racer-gulf.jpg","datePublished":"2019-11-20T15:11:40+00:00","dateModified":"2025-08-29T10:42:57+00:00","description":"Esta Cafe Racer, construida sobre una Harley Sportster, inspirada en la pel\u00edcula de McQueen \"Le Mans\" y fue creada por Lord Drake Kustoms.","breadcrumb":{"@id":"https:\/\/www.caferacerworld.com\/es\/racing-is-life-a-cafe-racer-inspired-by-le-mans-and-steve-mcqueen\/#breadcrumb"},"inLanguage":"es","potentialAction":[{"@type":"ReadAction","target":["https:\/\/www.caferacerworld.com\/es\/racing-is-life-a-cafe-racer-inspired-by-le-mans-and-steve-mcqueen\/"]}]},{"@type":"ImageObject","inLanguage":"es","@id":"https:\/\/www.caferacerworld.com\/es\/racing-is-life-a-cafe-racer-inspired-by-le-mans-and-steve-mcqueen\/#primaryimage","url":"https:\/\/www.caferacerworld.com\/wp-content\/uploads\/2019\/11\/11-cafe-racer-gulf.jpg","contentUrl":"https:\/\/www.caferacerworld.com\/wp-content\/uploads\/2019\/11\/11-cafe-racer-gulf.jpg","width":1024,"height":768,"caption":"\"Racing is Life\" a Cafe Racer tribute to Steve McQueen customized by Lord Drake Kustoms"},{"@type":"BreadcrumbList","@id":"https:\/\/www.caferacerworld.com\/es\/racing-is-life-a-cafe-racer-inspired-by-le-mans-and-steve-mcqueen\/#breadcrumb","itemListElement":[{"@type":"ListItem","position":1,"name":"Portada","item":"https:\/\/www.caferacerworld.com\/es\/"},{"@type":"ListItem","position":2,"name":"\u201cRacing is Life\u201d una Cafe Racer tributo a Le Mans y Steve McQueen."}]},{"@type":"WebSite","@id":"https:\/\/www.caferacerworld.com\/es\/#website","url":"https:\/\/www.caferacerworld.com\/es\/","name":"Cafe Racer World","description":"","publisher":{"@id":"https:\/\/www.caferacerworld.com\/es\/#organization"},"potentialAction":[{"@type":"SearchAction","target":{"@type":"EntryPoint","urlTemplate":"https:\/\/www.caferacerworld.com\/es\/?s={search_term_string}"},"query-input":{"@type":"PropertyValueSpecification","valueRequired":true,"valueName":"search_term_string"}}],"inLanguage":"es"},{"@type":"Organization","@id":"https:\/\/www.caferacerworld.com\/es\/#organization","name":"Cafe Racer World","url":"https:\/\/www.caferacerworld.com\/es\/","logo":{"@type":"ImageObject","inLanguage":"es","@id":"https:\/\/www.caferacerworld.com\/es\/#\/schema\/logo\/image\/","url":"https:\/\/www.caferacerworld.com\/wp-content\/uploads\/2019\/10\/logo-crw-4-1.png","contentUrl":"https:\/\/www.caferacerworld.com\/wp-content\/uploads\/2019\/10\/logo-crw-4-1.png","width":540,"height":160,"caption":"Cafe Racer World"},"image":{"@id":"https:\/\/www.caferacerworld.com\/es\/#\/schema\/logo\/image\/"},"sameAs":["https:\/\/www.facebook.com\/profile.php?id=61579424306050","https:\/\/www.instagram.com\/caferacerworld_oficial\/"]},{"@type":"Person","@id":"https:\/\/www.caferacerworld.com\/es\/#\/schema\/person\/f53266c5722a1bfe7280939b3daf386d","name":"caferacer","image":{"@type":"ImageObject","inLanguage":"es","@id":"https:\/\/www.caferacerworld.com\/es\/#\/schema\/person\/image\/","url":"https:\/\/secure.gravatar.com\/avatar\/8d6dcab9ee12841d4b3c71b7639455bb04683d31fd41ad66ec3164209d3e2a0b?s=96&d=mm&r=g","contentUrl":"https:\/\/secure.gravatar.com\/avatar\/8d6dcab9ee12841d4b3c71b7639455bb04683d31fd41ad66ec3164209d3e2a0b?s=96&d=mm&r=g","caption":"caferacer"}}]}},"featured_image_src":"https:\/\/www.caferacerworld.com\/wp-content\/uploads\/2019\/11\/11-cafe-racer-gulf-600x400.jpg","featured_image_src_square":"https:\/\/www.caferacerworld.com\/wp-content\/uploads\/2019\/11\/11-cafe-racer-gulf-600x600.jpg","author_info":{"display_name":"caferacer","author_link":"https:\/\/www.caferacerworld.com\/es\/author\/caferacer\/"},"_links":{"self":[{"href":"https:\/\/www.caferacerworld.com\/es\/wp-json\/wp\/v2\/posts\/610","targetHints":{"allow":["GET"]}}],"collection":[{"href":"https:\/\/www.caferacerworld.com\/es\/wp-json\/wp\/v2\/posts"}],"about":[{"href":"https:\/\/www.caferacerworld.com\/es\/wp-json\/wp\/v2\/types\/post"}],"author":[{"embeddable":true,"href":"https:\/\/www.caferacerworld.com\/es\/wp-json\/wp\/v2\/users\/1"}],"replies":[{"embeddable":true,"href":"https:\/\/www.caferacerworld.com\/es\/wp-json\/wp\/v2\/comments?post=610"}],"version-history":[{"count":6,"href":"https:\/\/www.caferacerworld.com\/es\/wp-json\/wp\/v2\/posts\/610\/revisions"}],"predecessor-version":[{"id":3128,"href":"https:\/\/www.caferacerworld.com\/es\/wp-json\/wp\/v2\/posts\/610\/revisions\/3128"}],"wp:featuredmedia":[{"embeddable":true,"href":"https:\/\/www.caferacerworld.com\/es\/wp-json\/wp\/v2\/media\/625"}],"wp:attachment":[{"href":"https:\/\/www.caferacerworld.com\/es\/wp-json\/wp\/v2\/media?parent=610"}],"wp:term":[{"taxonomy":"category","embeddable":true,"href":"https:\/\/www.caferacerworld.com\/es\/wp-json\/wp\/v2\/categories?post=610"},{"taxonomy":"post_tag","embeddable":true,"href":"https:\/\/www.caferacerworld.com\/es\/wp-json\/wp\/v2\/tags?post=610"}],"curies":[{"name":"wp","href":"https:\/\/api.w.org\/{rel}","templated":true}]}}